{"id":4069,"date":"2024-09-19T15:35:27","date_gmt":"2024-09-19T13:35:27","guid":{"rendered":"https:\/\/wordpress-krio-hu.empressia.dev\/?p=4069"},"modified":"2026-03-27T18:27:23","modified_gmt":"2026-03-27T17:27:23","slug":"uj-lehetosegek-a-mesenchymalis-ossejtek-terapias-felhasznalasaban","status":"publish","type":"post","link":"https:\/\/krio.hu\/uj-lehetosegek-a-mesenchymalis-ossejtek-terapias-felhasznalasaban","title":{"rendered":"\u00daj lehet\u0151s\u00e9gek a\u00a0mesenchymalis \u0151ssejtek ter\u00e1pi\u00e1s felhaszn\u00e1l\u00e1s\u00e1ban"},"content":{"rendered":"\n<h2 class=\" wp-block-heading eplus-wrapper\">Bevezet\u00e9s<\/h2>\n\n\n\n<p class=\" eplus-wrapper\">Az els\u0151 \u0151ssejt-transzplant\u00e1ci\u00f3t Donnel Thomas v\u00e9gezte az \u00f6tvenes \u00e9vekben \u00e9s Nobel-d\u00edjat kapott a beavatkoz\u00e1s kidolgoz\u00e1s\u00e1\u00e9rt. Akkor m\u00e9g a csontvel\u0151 (CSV) sz\u00e1m\u00edtott els\u0151dleges \u0151ssejtforr\u00e1snak, \u00e9s szinte kiz\u00e1r\u00f3lag hematol\u00f3giai k\u00f3rk\u00e9pek gy\u00f3gy\u00edt\u00e1s\u00e1ra haszn\u00e1lt\u00e1k. Alternat\u00edv \u0151ssejtforr\u00e1sk\u00e9nt mer\u00fclt fel k\u00e9s\u0151bb a k\u00f6ld\u00f6kzsin\u00f3rv\u00e9r (KZSV), amivel az els\u0151 transzplant\u00e1ci\u00f3t 1988-ban v\u00e9gezt\u00e9k P\u00e1rizsban, egy Fanconi-anaemi\u00e1s gyermekn\u00e9l, Prof. Gluckman \u00e9s Dr. Broxmeyer vezet\u00e9s\u00e9vel.<\/p>\n\n\n\n<p class=\" eplus-wrapper\">A mesenchymalis \u0151ssejteket (MSC) 1968-ban \u00edrt\u00e1k le el\u0151sz\u00f6r, mint a csontvel\u0151ben tal\u00e1lhat\u00f3, in vitro kult\u00far\u00e1ban a teny\u00e9szt\u0151ed\u00e9ny fal\u00e1hoz tapadva n\u00f6veked\u0151, fibroblastszer\u0171 morfol\u00f3gi\u00e1t mutat\u00f3, kol\u00f3niak\u00e9pz\u0151 sejteket. Ter\u00e1pi\u00e1s meg\u00edt\u00e9l\u00e9s\u00fck az ut\u00f3bbi \u00e9vekben \u00f3ri\u00e1si fejl\u0151d\u00e9sen ment kereszt\u00fcl annak k\u00f6sz\u00f6nhet\u0151en, hogy sz\u00e1mos preklinikai \u00e9s klinikai k\u00eds\u00e9rlet bizony\u00edtotta hat\u00e9konys\u00e1gukat egyes betegs\u00e9gek kezel\u00e9s\u00e9ben.<\/p>\n\n\n\n<h2 class=\" wp-block-heading eplus-wrapper\">Az MSC-k sokf\u00e9les\u00e9ge \u00e9s f\u0151bb tulajdons\u00e1gai<\/h2>\n\n\n\n<p class=\" eplus-wrapper\">MSC-k legnagyobb mennyis\u00e9gben, mint \u201estroma\u201d \u0151ssejtek a csontvel\u0151ben (CSV-MSC) tal\u00e1lhat\u00f3k meg a hematopoetikus \u0151ssejtek (HSC) mikrok\u00f6rnyezetek\u00e9nt, de enn\u00e9l sokkal k\u00f6nnyebben hozz\u00e1f\u00e9rhet\u0151 forr\u00e1suk lehet a zs\u00edrsz\u00f6vet vagy a k\u00f6ld\u00f6kzsin\u00f3r Wharton-kocsony\u00e1ja (WJ-MSC). Az International Society for Cellular Therapy (ISCT) h\u00e1rom pontban foglalta \u00f6ssze az MSC-k k\u00f6z\u00f6s jellemz\u0151it:<\/p>\n\n\n\n<p class=\" eplus-wrapper\">\u2022 a teny\u00e9szt\u0151ed\u00e9ny alj\u00e1hoz kitapadva n\u00f6vekednek (adherencia) \u00e9s fibroblastszer\u0171 morfol\u00f3gi\u00e1t mutatnak;<br>\u2022 kifejezik a CD73, CD90, CD105 sejtfelsz\u00edni markereket, de nem hordoznak semmilyen v\u00e9rk\u00e9pz\u0151 \u0151ssejtekre, v\u00e9rsejt-fejl\u0151d\u00e9si vonalakra, ill. endothel sejtekre jellemz\u0151 markereket (CD45, CD34, CD14, CD11b, CD79\u03b1, CD19, CD31);<br>\u2022 k\u00e9pesek csont-, porc- \u00e9s zs\u00edrsejtekk\u00e9 differenci\u00e1l\u00f3dni in vitro k\u00f6r\u00fclm\u00e9nyek k\u00f6z\u00f6tt.<\/p>\n\n\n\n<p class=\" eplus-wrapper\">A rendelkez\u00e9sre \u00e1ll\u00f3 adatok szerint a WJ-MSC-k sz\u00e1mos el\u0151nnyel b\u00edrnak a CSV-MSC-vel szemben: kinyer\u00e9s\u00fckh\u00f6z nincs sz\u00fcks\u00e9g f\u00e1jdalmas CSV-aspir\u00e1ci\u00f3ra, \u00e9s viszonylag nagy sz\u00e1mban kinyerhet\u0151k a Wharton-kocsony\u00e1b\u00f3l; r\u00e1ad\u00e1sul a WJ-MSC-k fiatalabb sejtvonalakat k\u00e9pviselnek, hiszen fel\u00fclet\u00fck\u00f6n embrion\u00e1lis markereket is kifejeznek. A WJ-MSC-k jobban szapor\u00edthat\u00f3k laborat\u00f3riumi k\u00f6r\u00fclm\u00e9nyek k\u00f6z\u00f6tt \u00e9s plasztikusabb sejtform\u00e1k, mint a BM-MSC-k.<\/p>\n\n\n\n<h2 class=\" wp-block-heading eplus-wrapper\">Az MSC-k hipoimmunog\u00e9n, gyullad\u00e1scs\u00f6kkent\u0151 \u00e9s immunszuppressz\u00edv tulajdons\u00e1ga<\/h2>\n\n\n\n<p class=\" eplus-wrapper\">Az MSC-k hipoimmunog\u00e9n tulajdons\u00e1ga \u2013 amely az allog\u00e9n, s\u0151t a xenog\u00e9n transzplant\u00e1ci\u00f3k eset\u00e9n elmarad\u00f3 immunv\u00e1laszt jelent \u2013 azzal magyar\u00e1zhat\u00f3, hogy fel\u00fclet\u00fck\u00f6n nem fejeznek ki MHC II, ill. csak kis mennyis\u00e9gben fejeznek ki MHC I antig\u00e9neket. Ebb\u0151l ad\u00f3d\u00f3an a betegek kezel\u00e9se nem ig\u00e9nyel autol\u00f3g MSC-t, \u00e9s elvileg b\u00e1rmely eg\u00e9szs\u00e9ges donor MSC-je felhaszn\u00e1lhat\u00f3 ter\u00e1pi\u00e1k ind\u00edt\u00e1s\u00e1ra.<\/p>\n\n\n\n<p class=\" eplus-wrapper\">Az ischaemi\u00e1s vagy s\u00e9r\u00fclt sz\u00f6vetek szinte \u201evonzz\u00e1k\u201d a mesenchymalis \u0151ssejteket. A folyamat h\u00e1tter\u00e9ben a fel\u00fclet\u00fck\u00f6n tal\u00e1lhat\u00f3, a sejtek migr\u00e1ci\u00f3j\u00e1ban fontos szerepet bet\u00f6lt\u0151 kemokin receptorok \u00e1llnak. Az MSC-k is sokf\u00e9le biol\u00f3giailag akt\u00edv medi\u00e1tort termelnek, amelyek direkt vagy indirekt \u00faton k\u00f6zrem\u0171k\u00f6dnek a regener\u00e1ci\u00f3 folyamat\u00e1ban. A gyullad\u00e1s helysz\u00edn\u00e9n pl. az MSC-k olyan molekul\u00e1kat bocs\u00e1tanak ki, amelyek lok\u00e1lis gyullad\u00e1scs\u00f6kkent\u0151 tulajdons\u00e1g\u00faak.<\/p>\n\n\n\n<p class=\" eplus-wrapper\">A mesenchymalis \u0151ssejtek g\u00e1tolj\u00e1k az immunv\u00e1laszban fontos szerepet bet\u00f6lt\u0151 T-, B-, NK-, antig\u00e9nprezent\u00e1l\u00f3 sejtek aktivit\u00e1s\u00e1t, egyes T-helper sejtek apopt\u00f3zis\u00e1t id\u00e9zik el\u0151 \u00e9s fokozz\u00e1k az immunv\u00e1laszt g\u00e1tl\u00f3 regul\u00e1tor T-sejtek oszt\u00f3d\u00e1s\u00e1t. A r\u00e9szletesebben felt\u00e1rt kapcsolataikat az 1. \u00e1bra foglalja \u00f6ssze.<\/p>\n\n\n\n<p class=\" eplus-wrapper\">2004-ben Le Blanc \u00e9s mtsai els\u0151 alkalommal sz\u00e1moltak be az MSC-k in vivo gyullad\u00e1sg\u00e1tl\u00f3 \u00e9s immunszuppressz\u00edv hat\u00e1s\u00e1n alapul\u00f3 sikeres ter\u00e1pi\u00e1s beavatkoz\u00e1sr\u00f3l. Egy 9 \u00e9ves \u2013 akut lymphoid leukaemia miatt allog\u00e9n csontvel\u0151-transzplant\u00e1ci\u00f3val kezelt \u2013 kisfi\u00fan\u00e1l kialakult rendk\u00edv\u00fcl s\u00falyos (IV. st\u00e1dium\u00fa) akut graft versus host (aGVHD) betegs\u00e9get kezeltek \u00e9desanyj\u00e1t\u00f3l sz\u00e1rmaz\u00f3 CSM-MSC-k t\u00f6bbsz\u00f6ri ad\u00e1s\u00e1val.<\/p>\n\n\n<div class=\"wp-block-image \">\n<figure class=\"aligncenter size-full eplus-wrapper\"><img loading=\"lazy\" decoding=\"async\" width=\"800\" height=\"466\" src=\"https:\/\/krio.hu\/wp-content\/uploads\/2024\/09\/MSC_sematikus_abrazolas-1.png\" alt=\"\" class=\"wp-image-4723\" srcset=\"https:\/\/krio.hu\/wp-content\/uploads\/2024\/09\/MSC_sematikus_abrazolas-1.png 800w, https:\/\/krio.hu\/wp-content\/uploads\/2024\/09\/MSC_sematikus_abrazolas-1-300x175.png 300w, https:\/\/krio.hu\/wp-content\/uploads\/2024\/09\/MSC_sematikus_abrazolas-1-768x447.png 768w, https:\/\/krio.hu\/wp-content\/uploads\/2024\/09\/MSC_sematikus_abrazolas-1-500x291.png 500w\" sizes=\"(max-width: 800px) 100vw, 800px\" \/><\/figure>\n<\/div>\n\n\n<h2 class=\" wp-block-heading eplus-wrapper\">Klinikai k\u00eds\u00e9rletek MSC-vel<\/h2>\n\n\n\n<p class=\" eplus-wrapper\">1995 \u00f3ta folynak klinikai k\u00eds\u00e9rletek k\u00fcl\u00f6nb\u00f6z\u0151 eredet\u0171 mesenchymalis sejtekkel, p\u00e1rhuzamosan azokkal az alapkutat\u00e1sokkal, amelyek a hat\u00e1smechanizmusuk tiszt\u00e1z\u00e1s\u00e1ra ir\u00e1nyulnak. M\u00edg 2012-ben 218 klinikai k\u00eds\u00e9rlet folyt k\u00fcl\u00f6nb\u00f6z\u0151 eredet\u0171 MSC-vel, addig napjainkban 254, amelyekb\u0151l 89 esetben k\u00f6ld\u00f6kzsin\u00f3rb\u00f3l izol\u00e1lt sejtekkel t\u00f6rt\u00e9nik a kezel\u00e9s. Egy kor\u00e1bbi cikk\u00fcnkben bemutattuk ezeket a klinikai k\u00eds\u00e9rleteket, kiemelve a porc \u00e9s a m\u00e1j regener\u00e1l\u00e1s\u00e1ban, valamint a GVHD kezel\u00e9s\u00e9ben foly\u00f3 klinikai k\u00eds\u00e9rletek kimagasl\u00f3 ar\u00e1ny\u00e1t.<\/p>\n\n\n\n<p class=\" eplus-wrapper\">Napjainkban a WJ-MSC sejtekkel foly\u00f3 k\u00eds\u00e9rletek m\u00e9g sz\u00e9lesebb sk\u00e1l\u00e1n mozognak: egyes autoimmun betegs\u00e9gek (1-es t\u00edpus\u00fa diabetes mellitus, sclerosis multiplex, sziszt\u00e9m\u00e1s lupus) mellett, izomdisztr\u00f3fia \u00e9s az Alzheimer-k\u00f3r kezel\u00e9s\u00e9re is folynak klinikai k\u00eds\u00e9rletek. N\u00e9h\u00e1ny \u2013 az aGVHD megel\u0151z\u00e9s\u00e9t \u00e9s a m\u00e1r kialakult betegs\u00e9g visszaszor\u00edt\u00e1s\u00e1t, valamint n\u00e9h\u00e1ny autoimmun betegs\u00e9g (Crohn-betegs\u00e9g, rheumatoid arthritis) kezel\u00e9s\u00e9t c\u00e9lz\u00f3 \u2013 \u201etrial\u201d azonban m\u00e1r eljutott a III. f\u00e1zisba. Preklinikai st\u00e1diumban vannak a legk\u00fcl\u00f6nb\u00f6z\u0151bb daganatos betegs\u00e9gek, perif\u00e9ri\u00e1lis idegk\u00e1rosod\u00e1s, kardiovaszkul\u00e1ris sz\u00f6vetek regener\u00e1ci\u00f3j\u00e1ra, ill. a 2-es t\u00edpus\u00fa cukorbetegs\u00e9g kezel\u00e9s\u00e9re ir\u00e1nyul\u00f3 vizsg\u00e1latok. Azt, hogy ezek k\u00f6z\u00fcl melyek l\u00e9pnek a klinikai k\u00eds\u00e9rletek k\u00f6z\u00e9, nem lehet megj\u00f3solni, mint ahogyan az is k\u00e9rd\u00e9ses, hogy mely klinikai k\u00eds\u00e9rletek v\u00e1lnak rutin ter\u00e1pi\u00e1s gyakorlatt\u00e1.<\/p>\n\n\n\n<h2 class=\" wp-block-heading eplus-wrapper\">Az MSC-k szerepe az ALS kezel\u00e9s\u00e9ben<\/h2>\n\n\n\n<p class=\" eplus-wrapper\">Az ALS (amyotrophis lateral sclerosis) a motoneuron-betegs\u00e9gek leggyakoribb fajt\u00e1ja, amely a mozgat\u00f3idegek pusztul\u00e1sa miatt az izmok gyeng\u00fcl\u00e9s\u00e9hez, sorvad\u00e1s\u00e1hoz \u00e9s a mozg\u00e1sk\u00e9ptelens\u00e9g miatt fell\u00e9p\u0151 sz\u00f6v\u0151dm\u00e9nyek miatt hal\u00e1lhoz vezet. A felt\u00e9telezett okok k\u00f6z\u00f6tt szerepelnek mut\u00e1ci\u00f3k, extracellul\u00e1ris faktorok, a nem idegi \u201esupport\u201d sejtek \u00e9s az immunrendszer hib\u00e1i. Az ALS ma m\u00e9g nem teljesen ismert mechanizmus\u00e1nak felt\u00e1r\u00e1sa \u00e9rdek\u00e9ben sz\u00e1mos \u00e1llatk\u00eds\u00e9rletet v\u00e9geztek, \u00e9s 2003 \u00f3ta vizsg\u00e1lj\u00e1k a mesenhymalis \u0151ssejtekkel t\u00f6rt\u00e9n\u0151 kezel\u00e9s lehet\u0151s\u00e9g\u00e9t is: Marconi \u00e9s mtsai zs\u00edrsz\u00f6vetb\u0151l sz\u00e1rmaz\u00f3 MSC-t \u00fcltettek SOD1 mut\u00e1ci\u00f3t hordoz\u00f3 transzgenikus egerekbe \u00e9s bebizony\u00edtott\u00e1k, hogy a transzplant\u00e1ci\u00f3 4\u20136 h\u00e9ttel k\u00e9sleltette a motoros k\u00e9szs\u00e9gek roml\u00e1s\u00e1t. Uccelli \u00e9s mtsai a motoros k\u00e9szs\u00e9gek javul\u00e1s\u00e1t, a tests\u00faly cs\u00f6kken\u00e9s\u00e9nek lelassul\u00e1s\u00e1t, valamint a t\u00fal\u00e9l\u00e9s javul\u00e1s\u00e1t mutatt\u00e1k ki 17 nappal a bead\u00e1s ut\u00e1n, ALS egereken.<\/p>\n\n\n\n<p class=\" eplus-wrapper\">Az els\u0151 hum\u00e1n klinikai k\u00eds\u00e9rleteket Mazzini \u00e9s mtsai v\u00e9gezt\u00e9k: a vizsg\u00e1lat 9 betegre terjedt ki, amely sor\u00e1n saj\u00e1t CSV-b\u0151l sz\u00e1rmaz\u00f3 MSC-t alkalmaztak nem egys\u00e9ges\u00edtett mennyis\u00e9gben a betegek gerincvel\u0151j\u00e9be t\u00f6rt\u00e9n\u0151 injekt\u00e1l\u00e1s form\u00e1j\u00e1ban. Klinikai javul\u00e1s nem volt tapasztalhat\u00f3, de nem \u00e9szleltek mell\u00e9khat\u00e1st sem. A vizsg\u00e1latokat k\u00e9s\u0151bb megism\u00e9telt\u00e9k 10 tov\u00e1bbi beteg eset\u00e9ben. Nem tapasztalt\u00e1k az ALS progresszi\u00f3j\u00e1nak lassul\u00e1s\u00e1t, de felgyorsul\u00e1s\u00e1t sem \u00e9s a kezel\u00e9st biztons\u00e1gosnak \u00e9s j\u00f3l toler\u00e1lhat\u00f3nak min\u0151s\u00edtett\u00e9k.<\/p>\n\n\n\n<p class=\" eplus-wrapper\">Karussis \u00e9s mtsai autol\u00f3g CSV-i eredet\u0171 MSC-t haszn\u00e1ltak 19 beteg eset\u00e9n. N\u00e9h\u00e1ny alkalommal a sejteket szuperm\u00e1gneses vas-oxiddal jel\u00f6lt\u00e9k. A betegek 6-t\u00f3l 25 h\u00f3napig tart\u00f3 megfigyel\u00e9se sor\u00e1n nem fordult el\u0151 k\u00e9s\u0151i mell\u00e9khat\u00e1s, \u00e9s a legt\u00f6bb beteg eset\u00e9ben a klinikai \u00e1llapot stabiliz\u00e1l\u00f3d\u00e1s\u00e1t vagy enyhe javul\u00e1s\u00e1t figyelt\u00e9k meg. A jel\u00f6lt sejteket kapott betegek MRI-vizsg\u00e1lata kimutatta, hogy az agyi ter\u00fcleten beadott sejtek a harmadik agykamr\u00e1ba \u00e9s a subarachnoidealis t\u00e9rbe jutottak \u00e1t \u00e9s igazolt\u00e1k az MSC-k immunmodul\u00e1l\u00f3 hat\u00e1s\u00e1t m\u00e1r 4 \u00f3r\u00e1val a sejtek bejuttat\u00e1sa ut\u00e1n.<\/p>\n\n\n\n<h2 class=\" wp-block-heading eplus-wrapper\">ALS kezel\u00e9s a Famicord Csoportban<\/h2>\n\n\n\n<p class=\" eplus-wrapper\">A Famicord Csoport kezel\u00e9si met\u00f3dusa arra \u00e9p\u00fcl, hogy a WJ-MSC \u0151ssejteket nagyobb proliferat\u00edv potenci\u00e1l jellemzi, mint a CSV eredet\u0171eket. A KRIO Int\u00e9zet \u2013 a Famicord Csoport magyar tagja \u2013 2013-ban szabadalmat ny\u00fajtott be a WJ MSC-k izol\u00e1l\u00e1s\u00e1ra \u00e9s feldolgoz\u00e1s\u00e1ra vonatkoz\u00f3lag. Ezen izol\u00e1l\u00e1si \u00e9s feldolgoz\u00e1si elveket figyelembe v\u00e9ve a Famicord Csoport lengyel tagja, a Lengyel \u0150ssejtbank (PBKM) 2014 okt\u00f3ber\u00e9ben megkapta az orvosetikai hozz\u00e1j\u00e1rul\u00e1st az ALS-betegek lengyelorsz\u00e1gi kezel\u00e9s\u00e9re. Az MSC-k els\u0151 lengyelorsz\u00e1gi alkalmaz\u00e1sa velesz\u00fcletett neurol\u00f3giai betegs\u00e9gek kezel\u00e9s\u00e9ben a poznani Orvostudom\u00e1nyi egyetem Bioetikai Bizotts\u00e1g\u00e1nak hat\u00e1rozata (1141\/12) alapj\u00e1n 2014 m\u00e1jusa \u00f3ta folyamatosan zajlik.<\/p>\n\n\n\n<h2 class=\" wp-block-heading eplus-wrapper\">\u00d6sszefoglal\u00e1s<\/h2>\n\n\n\n<p class=\" eplus-wrapper\">Sz\u00e1mos tanulm\u00e1ny \u00e9s klinikai k\u00eds\u00e9rlet foglalkozik a mesenchymalis \u0151ssejtek \u00e9s ezen bel\u00fcl a k\u00f6ld\u00f6kzsin\u00f3r eredet\u0171 MSC-k gyakorlati jelent\u0151s\u00e9g\u00e9nek megismer\u00e9s\u00e9vel, amelyr\u0151l \u00e1ttekint\u00e9st a <a href=\"http:\/\/www.clinicaltrials.gov\">www.clinicaltrials.gov<\/a> ad. Az itt regisztr\u00e1lt k\u00eds\u00e9rletek folyamatosan n\u00f6vekv\u0151 sz\u00e1ma \u00e9s sokf\u00e9les\u00e9ge arra enged k\u00f6vetkeztetni, hogy b\u00e1r kor\u00e1bban els\u0151sorban a regenerat\u00edv orvosl\u00e1s eszk\u00f6zek\u00e9nt jellemezt\u00e9k \u0151ket, napjainkban egyes autoimmun betegs\u00e9gek ill. aGVHD kezel\u00e9se mellett az ALS kezel\u00e9s\u00e9ben is jelent\u0151s szerepet kaphatnak.<\/p>\n\n\n\n<p class=\" eplus-wrapper\"><\/p>\n\n\n\n<p class=\" has-text-align-right eplus-wrapper\"><strong>Balogh I., Sz\u00e1raz L.<\/strong>&nbsp;&nbsp;<\/p>\n\n\n\n<p class=\" eplus-wrapper\">HIVATKOZ\u00c1SOK<\/p>\n\n\n<ul class=\" wp-block-list eplus-wrapper eplus-styles-uid-352d88\"><li class=\" eplus-wrapper eplus-styles-uid-99c3e0\">Gluckman E, Broxmeyer HA, Auerbach AD, et al. Hematopoietic reconstitution in a patient with Fanconi\u2019s anemia by means of umbilical-cord blood from an HLA-identical sibling. New England Journal of Medicine. 1989;321:1174\u20138.<\/li>\n\n<li class=\" eplus-wrapper eplus-styles-uid-99c3e0\">Friedenstein AJ, Petrakova KV, Kurolesova AI, et al. Heterotopic transplants of bone marrow. Transplantation. 1968;6:230\u2013247.<\/li>\n\n<li class=\" eplus-wrapper eplus-styles-uid-99c3e0\">Dominici M, Le Blanc K, Mueller I, et al. Minimal criteria for defining multipotent multipotent mesenchymal stromal cells. The international Society for Cellular Therapy position statement. Cytotherapy. 2006;8:314\u2013317.<\/li>\n\n<li class=\" eplus-wrapper eplus-styles-uid-99c3e0\">Sharma R, Pollock K, Hubel A, et al. Mesenchymal stem or stromal cells: a review of clinical applications and manufacturing practices. Transfusion. 2014;54:1418\u20131437.<\/li>\n\n<li class=\" eplus-wrapper eplus-styles-uid-99c3e0\">Mundra V, Gerling IC, Mahato RI. Mesenchymal stem cell-based therapy. Molecular Pharmaceutics. 2013;10:77\u201389.<\/li>\n\n<li class=\" eplus-wrapper eplus-styles-uid-99c3e0\">Blanc KL, Rasmusson I, Sundberg B, et al. Treatment of severe acute graft-versus-host disease with third party haploidentical mesenchymal stem cells. Lancet. 2004;363:1439\u201341.<\/li>\n\n<li class=\" eplus-wrapper eplus-styles-uid-99c3e0\">Sz\u00e1raz L, Kocsis A, F\u0171r\u00e9sz K, et al. K\u00f6ld\u00f6kzsin\u00f3r eredet\u0171 mesenchymalis \u0151ssejtek jellemz\u00e9se, v\u00e1rhat\u00f3 ter\u00e1pi\u00e1s felhaszn\u00e1l\u00e1sa. N\u0151gy\u00f3gy\u00e1szati \u00e9s Sz\u00fcl\u00e9szeti Tov\u00e1bbk\u00e9pz\u0151 Szemle. 2013;15:114\u2013116.<\/li>\n\n<li class=\" eplus-wrapper eplus-styles-uid-99c3e0\"><a>https:\/\/clinicaltrials.gov\/ct2\/results?term=umbilical+cord+mesenchymal+stem+cell<\/a>; hozz\u00e1f\u00e9r\u00e9s id\u0151pontja: 2015.02.04.<\/li>\n\n<li class=\" eplus-wrapper eplus-styles-uid-99c3e0\">Watson N, Divers R, Kedar R, et al. Discarded Wharton jelly of the human umbilical cord: a viable source for mesenchymal stromal cells. Cytotherapy. 2015;17:18\u201324.<\/li>\n\n<li class=\" eplus-wrapper eplus-styles-uid-99c3e0\">Lewis M, Suzuki M. Therapeutic applications of mesenchymal stem cells for amyotrophic lateral sclerosis. Stem Cell Research &amp; Therapy. 2014;5:32.<\/li>\n\n<li class=\" eplus-wrapper eplus-styles-uid-99c3e0\">Marconi S, Bonaconsa M, Scambi I, et al. Systemic treatment with adipose-derived mesenchymal stem cells ameliorates clinical and pathological features in the amyotrophic lateral sclerosis murine model. Neuroscience. 2013;248:333\u201343.<\/li>\n\n<li class=\" eplus-wrapper eplus-styles-uid-99c3e0\">Uccelli A, Milanese M, Principato MC, et al. Intravenous mesenchymal stem cells improve survival and motor function in experimental amyotrophic lateral sclerosis. Mol. Med. 2012;18:794\u2013804.<\/li>\n\n<li class=\" eplus-wrapper eplus-styles-uid-99c3e0\">Mazzini L, Ferrero I, Luparello V, et al. Mesenchymal stem cell transplantation in amyotrophic lateral sclerosis: A Phase I clinical trial. Exp Neurol. 2010;223:229\u201337.<\/li>\n\n<li class=\" eplus-wrapper eplus-styles-uid-99c3e0\">Karussis D, Karageorgiou C, Vaknin-Dembinsky A, et al. Safety and immunological effects of mesenchymal stem cell transplantation in patients with multiple sclerosis and amyotrophic lateral sclerosis. Arch Neurol. 2010;67:1187\u201394.<\/li><\/ul>","protected":false},"excerpt":"Bevezet\u00e9s Az els\u0151 \u0151ssejt-transzplant\u00e1ci\u00f3t Donnel Thomas v\u00e9gezte az \u00f6tvenes \u00e9vekben \u00e9s Nobel-d\u00edjat kapott a beavatkoz\u00e1s kidolgoz\u00e1s\u00e1\u00e9rt. Akkor m\u00e9g a csontvel\u0151 (CSV) sz\u00e1m\u00edtott els\u0151dleges \u0151ssejtforr\u00e1snak, \u00e9s szinte kiz\u00e1r\u00f3lag hematol\u00f3giai k\u00f3rk\u00e9pek gy\u00f3gy\u00edt\u00e1s\u00e1ra haszn\u00e1lt\u00e1k. Alternat\u00edv \u0151ssejtforr\u00e1sk\u00e9nt mer\u00fclt fel k\u00e9s\u0151bb a k\u00f6ld\u00f6kzsin\u00f3rv\u00e9r (KZSV), amivel az els\u0151 transzplant\u00e1ci\u00f3t 1988-ban v\u00e9gezt\u00e9k P\u00e1rizsban, egy Fanconi-anaemi\u00e1s gyermekn\u00e9l, Prof. Gluckman \u00e9s Dr. Broxmeyer vezet\u00e9s\u00e9vel. [&hellip;]","author":1,"featured_media":4750,"comment_status":"closed","ping_status":"open","sticky":false,"template":"","format":"standard","meta":{"_acf_changed":false,"inline_featured_image":false,"editor_plus_copied_stylings":"{}","footnotes":"[]"},"categories":[1],"tags":[],"class_list":["post-4069","post","type-post","status-publish","format-standard","has-post-thumbnail","hentry","category-1"],"yoast_head":"<!-- This site is optimized with the Yoast SEO plugin v27.5 - https:\/\/yoast.com\/product\/yoast-seo-wordpress\/ -->\n<title>\u00daj lehet\u0151s\u00e9gek a\u00a0mesenchymalis \u0151ssejtek ter\u00e1pi\u00e1s felhaszn\u00e1l\u00e1s\u00e1ban<\/title>\n<meta name=\"description\" content=\"A mesenchymalis \u0151ssejteket 1968-ban \u00edrt\u00e1k le el\u0151sz\u00f6r, mint a csontvel\u0151ben tal\u00e1lhat\u00f3, in vitro kult\u00far\u00e1ban a teny\u00e9szt\u0151ed\u00e9ny fal\u00e1hoz tapadva n\u00f6veked\u0151, fibroblastszer\u0171 morfol\u00f3gi\u00e1t mutat\u00f3, kol\u00f3niak\u00e9pz\u0151 sejteket.\" \/>\n<meta name=\"robots\" content=\"index, follow, max-snippet:-1, max-image-preview:large, max-video-preview:-1\" \/>\n<link rel=\"canonical\" href=\"https:\/\/krio.hu\/uj-lehetosegek-a-mesenchymalis-ossejtek-terapias-felhasznalasaban\" \/>\n<meta property=\"og:locale\" content=\"hu_HU\" \/>\n<meta property=\"og:type\" content=\"article\" \/>\n<meta property=\"og:title\" content=\"\u00daj lehet\u0151s\u00e9gek a\u00a0mesenchymalis \u0151ssejtek ter\u00e1pi\u00e1s felhaszn\u00e1l\u00e1s\u00e1ban\" \/>\n<meta property=\"og:description\" content=\"A mesenchymalis \u0151ssejteket 1968-ban \u00edrt\u00e1k le el\u0151sz\u00f6r, mint a csontvel\u0151ben tal\u00e1lhat\u00f3, in vitro kult\u00far\u00e1ban a teny\u00e9szt\u0151ed\u00e9ny fal\u00e1hoz tapadva n\u00f6veked\u0151, fibroblastszer\u0171 morfol\u00f3gi\u00e1t mutat\u00f3, kol\u00f3niak\u00e9pz\u0151 sejteket.\" \/>\n<meta property=\"og:url\" content=\"https:\/\/krio.hu\/uj-lehetosegek-a-mesenchymalis-ossejtek-terapias-felhasznalasaban\" \/>\n<meta property=\"og:site_name\" content=\"K\u00f6ss\u00f6n a Krio Int\u00e9zetn\u00e9l \u0151ssejtt\u00e1rol\u00e1si csomagot kedvezm\u00e9nyes \u00e1ron\" \/>\n<meta property=\"article:published_time\" content=\"2024-09-19T13:35:27+00:00\" \/>\n<meta property=\"article:modified_time\" content=\"2026-03-27T17:27:23+00:00\" \/>\n<meta property=\"og:image\" content=\"https:\/\/krio.hu\/wp-content\/uploads\/2024\/09\/FB-2-27-ev-tapasztalat-es-europai-elvonal.png\" \/>\n\t<meta property=\"og:image:width\" content=\"819\" \/>\n\t<meta property=\"og:image:height\" content=\"615\" \/>\n\t<meta property=\"og:image:type\" content=\"image\/png\" \/>\n<meta name=\"author\" content=\"empressia\" \/>\n<meta name=\"twitter:card\" content=\"summary_large_image\" \/>\n<meta name=\"twitter:label1\" content=\"Szerz\u0151:\" \/>\n\t<meta name=\"twitter:data1\" content=\"empressia\" \/>\n\t<meta name=\"twitter:label2\" content=\"Becs\u00fclt olvas\u00e1si id\u0151\" \/>\n\t<meta name=\"twitter:data2\" content=\"8 perc\" \/>\n<script type=\"application\/ld+json\" class=\"yoast-schema-graph\">{\"@context\":\"https:\\\/\\\/schema.org\",\"@graph\":[{\"@type\":\"Article\",\"@id\":\"https:\\\/\\\/krio.hu\\\/uj-lehetosegek-a-mesenchymalis-ossejtek-terapias-felhasznalasaban#article\",\"isPartOf\":{\"@id\":\"https:\\\/\\\/krio.hu\\\/uj-lehetosegek-a-mesenchymalis-ossejtek-terapias-felhasznalasaban\"},\"author\":{\"name\":\"empressia\",\"@id\":\"https:\\\/\\\/krio.hu\\\/#\\\/schema\\\/person\\\/89d7f521e522a414b13cbd2b84522add\"},\"headline\":\"\u00daj lehet\u0151s\u00e9gek a\u00a0mesenchymalis \u0151ssejtek ter\u00e1pi\u00e1s felhaszn\u00e1l\u00e1s\u00e1ban\",\"datePublished\":\"2024-09-19T13:35:27+00:00\",\"dateModified\":\"2026-03-27T17:27:23+00:00\",\"mainEntityOfPage\":{\"@id\":\"https:\\\/\\\/krio.hu\\\/uj-lehetosegek-a-mesenchymalis-ossejtek-terapias-felhasznalasaban\"},\"wordCount\":2010,\"image\":{\"@id\":\"https:\\\/\\\/krio.hu\\\/uj-lehetosegek-a-mesenchymalis-ossejtek-terapias-felhasznalasaban#primaryimage\"},\"thumbnailUrl\":\"https:\\\/\\\/krio.hu\\\/wp-content\\\/uploads\\\/2024\\\/09\\\/FB-2-27-ev-tapasztalat-es-europai-elvonal.png\",\"articleSection\":[\"2023\"],\"inLanguage\":\"hu\"},{\"@type\":\"WebPage\",\"@id\":\"https:\\\/\\\/krio.hu\\\/uj-lehetosegek-a-mesenchymalis-ossejtek-terapias-felhasznalasaban\",\"url\":\"https:\\\/\\\/krio.hu\\\/uj-lehetosegek-a-mesenchymalis-ossejtek-terapias-felhasznalasaban\",\"name\":\"\u00daj lehet\u0151s\u00e9gek a\u00a0mesenchymalis \u0151ssejtek ter\u00e1pi\u00e1s felhaszn\u00e1l\u00e1s\u00e1ban\",\"isPartOf\":{\"@id\":\"https:\\\/\\\/krio.hu\\\/#website\"},\"primaryImageOfPage\":{\"@id\":\"https:\\\/\\\/krio.hu\\\/uj-lehetosegek-a-mesenchymalis-ossejtek-terapias-felhasznalasaban#primaryimage\"},\"image\":{\"@id\":\"https:\\\/\\\/krio.hu\\\/uj-lehetosegek-a-mesenchymalis-ossejtek-terapias-felhasznalasaban#primaryimage\"},\"thumbnailUrl\":\"https:\\\/\\\/krio.hu\\\/wp-content\\\/uploads\\\/2024\\\/09\\\/FB-2-27-ev-tapasztalat-es-europai-elvonal.png\",\"datePublished\":\"2024-09-19T13:35:27+00:00\",\"dateModified\":\"2026-03-27T17:27:23+00:00\",\"author\":{\"@id\":\"https:\\\/\\\/krio.hu\\\/#\\\/schema\\\/person\\\/89d7f521e522a414b13cbd2b84522add\"},\"description\":\"A mesenchymalis \u0151ssejteket 1968-ban \u00edrt\u00e1k le el\u0151sz\u00f6r, mint a csontvel\u0151ben tal\u00e1lhat\u00f3, in vitro kult\u00far\u00e1ban a teny\u00e9szt\u0151ed\u00e9ny fal\u00e1hoz tapadva n\u00f6veked\u0151, fibroblastszer\u0171 morfol\u00f3gi\u00e1t mutat\u00f3, kol\u00f3niak\u00e9pz\u0151 sejteket.\",\"breadcrumb\":{\"@id\":\"https:\\\/\\\/krio.hu\\\/uj-lehetosegek-a-mesenchymalis-ossejtek-terapias-felhasznalasaban#breadcrumb\"},\"inLanguage\":\"hu\",\"potentialAction\":[{\"@type\":\"ReadAction\",\"target\":[\"https:\\\/\\\/krio.hu\\\/uj-lehetosegek-a-mesenchymalis-ossejtek-terapias-felhasznalasaban\"]}]},{\"@type\":\"ImageObject\",\"inLanguage\":\"hu\",\"@id\":\"https:\\\/\\\/krio.hu\\\/uj-lehetosegek-a-mesenchymalis-ossejtek-terapias-felhasznalasaban#primaryimage\",\"url\":\"https:\\\/\\\/krio.hu\\\/wp-content\\\/uploads\\\/2024\\\/09\\\/FB-2-27-ev-tapasztalat-es-europai-elvonal.png\",\"contentUrl\":\"https:\\\/\\\/krio.hu\\\/wp-content\\\/uploads\\\/2024\\\/09\\\/FB-2-27-ev-tapasztalat-es-europai-elvonal.png\",\"width\":819,\"height\":615,\"caption\":\"mesenchymalis_ossejtek\"},{\"@type\":\"BreadcrumbList\",\"@id\":\"https:\\\/\\\/krio.hu\\\/uj-lehetosegek-a-mesenchymalis-ossejtek-terapias-felhasznalasaban#breadcrumb\",\"itemListElement\":[{\"@type\":\"ListItem\",\"position\":1,\"name\":\"Kezd\u0151lap\",\"item\":\"https:\\\/\\\/krio.hu\\\/\"},{\"@type\":\"ListItem\",\"position\":2,\"name\":\"\u00daj lehet\u0151s\u00e9gek a\u00a0mesenchymalis \u0151ssejtek ter\u00e1pi\u00e1s felhaszn\u00e1l\u00e1s\u00e1ban\"}]},{\"@type\":\"WebSite\",\"@id\":\"https:\\\/\\\/krio.hu\\\/#website\",\"url\":\"https:\\\/\\\/krio.hu\\\/\",\"name\":\"K\u00f6ss\u00f6n a Krio Int\u00e9zetn\u00e9l \u0151ssejtt\u00e1rol\u00e1si csomagot kedvezm\u00e9nyes \u00e1ron\",\"description\":\"\",\"potentialAction\":[{\"@type\":\"SearchAction\",\"target\":{\"@type\":\"EntryPoint\",\"urlTemplate\":\"https:\\\/\\\/krio.hu\\\/?s={search_term_string}\"},\"query-input\":{\"@type\":\"PropertyValueSpecification\",\"valueRequired\":true,\"valueName\":\"search_term_string\"}}],\"inLanguage\":\"hu\"},{\"@type\":\"Person\",\"@id\":\"https:\\\/\\\/krio.hu\\\/#\\\/schema\\\/person\\\/89d7f521e522a414b13cbd2b84522add\",\"name\":\"empressia\",\"sameAs\":[\"https:\\\/\\\/krio.hu\"],\"url\":\"https:\\\/\\\/krio.hu\\\/author\\\/empressia\"}]}<\/script>\n<!-- \/ Yoast SEO plugin. -->","yoast_head_json":{"title":"\u00daj lehet\u0151s\u00e9gek a\u00a0mesenchymalis \u0151ssejtek ter\u00e1pi\u00e1s felhaszn\u00e1l\u00e1s\u00e1ban","description":"A mesenchymalis \u0151ssejteket 1968-ban \u00edrt\u00e1k le el\u0151sz\u00f6r, mint a csontvel\u0151ben tal\u00e1lhat\u00f3, in vitro kult\u00far\u00e1ban a teny\u00e9szt\u0151ed\u00e9ny fal\u00e1hoz tapadva n\u00f6veked\u0151, fibroblastszer\u0171 morfol\u00f3gi\u00e1t mutat\u00f3, kol\u00f3niak\u00e9pz\u0151 sejteket.","robots":{"index":"index","follow":"follow","max-snippet":"max-snippet:-1","max-image-preview":"max-image-preview:large","max-video-preview":"max-video-preview:-1"},"canonical":"https:\/\/krio.hu\/uj-lehetosegek-a-mesenchymalis-ossejtek-terapias-felhasznalasaban","og_locale":"hu_HU","og_type":"article","og_title":"\u00daj lehet\u0151s\u00e9gek a\u00a0mesenchymalis \u0151ssejtek ter\u00e1pi\u00e1s felhaszn\u00e1l\u00e1s\u00e1ban","og_description":"A mesenchymalis \u0151ssejteket 1968-ban \u00edrt\u00e1k le el\u0151sz\u00f6r, mint a csontvel\u0151ben tal\u00e1lhat\u00f3, in vitro kult\u00far\u00e1ban a teny\u00e9szt\u0151ed\u00e9ny fal\u00e1hoz tapadva n\u00f6veked\u0151, fibroblastszer\u0171 morfol\u00f3gi\u00e1t mutat\u00f3, kol\u00f3niak\u00e9pz\u0151 sejteket.","og_url":"https:\/\/krio.hu\/uj-lehetosegek-a-mesenchymalis-ossejtek-terapias-felhasznalasaban","og_site_name":"K\u00f6ss\u00f6n a Krio Int\u00e9zetn\u00e9l \u0151ssejtt\u00e1rol\u00e1si csomagot kedvezm\u00e9nyes \u00e1ron","article_published_time":"2024-09-19T13:35:27+00:00","article_modified_time":"2026-03-27T17:27:23+00:00","og_image":[{"width":819,"height":615,"url":"https:\/\/krio.hu\/wp-content\/uploads\/2024\/09\/FB-2-27-ev-tapasztalat-es-europai-elvonal.png","type":"image\/png"}],"author":"empressia","twitter_card":"summary_large_image","twitter_misc":{"Szerz\u0151:":"empressia","Becs\u00fclt olvas\u00e1si id\u0151":"8 perc"},"schema":{"@context":"https:\/\/schema.org","@graph":[{"@type":"Article","@id":"https:\/\/krio.hu\/uj-lehetosegek-a-mesenchymalis-ossejtek-terapias-felhasznalasaban#article","isPartOf":{"@id":"https:\/\/krio.hu\/uj-lehetosegek-a-mesenchymalis-ossejtek-terapias-felhasznalasaban"},"author":{"name":"empressia","@id":"https:\/\/krio.hu\/#\/schema\/person\/89d7f521e522a414b13cbd2b84522add"},"headline":"\u00daj lehet\u0151s\u00e9gek a\u00a0mesenchymalis \u0151ssejtek ter\u00e1pi\u00e1s felhaszn\u00e1l\u00e1s\u00e1ban","datePublished":"2024-09-19T13:35:27+00:00","dateModified":"2026-03-27T17:27:23+00:00","mainEntityOfPage":{"@id":"https:\/\/krio.hu\/uj-lehetosegek-a-mesenchymalis-ossejtek-terapias-felhasznalasaban"},"wordCount":2010,"image":{"@id":"https:\/\/krio.hu\/uj-lehetosegek-a-mesenchymalis-ossejtek-terapias-felhasznalasaban#primaryimage"},"thumbnailUrl":"https:\/\/krio.hu\/wp-content\/uploads\/2024\/09\/FB-2-27-ev-tapasztalat-es-europai-elvonal.png","articleSection":["2023"],"inLanguage":"hu"},{"@type":"WebPage","@id":"https:\/\/krio.hu\/uj-lehetosegek-a-mesenchymalis-ossejtek-terapias-felhasznalasaban","url":"https:\/\/krio.hu\/uj-lehetosegek-a-mesenchymalis-ossejtek-terapias-felhasznalasaban","name":"\u00daj lehet\u0151s\u00e9gek a\u00a0mesenchymalis \u0151ssejtek ter\u00e1pi\u00e1s felhaszn\u00e1l\u00e1s\u00e1ban","isPartOf":{"@id":"https:\/\/krio.hu\/#website"},"primaryImageOfPage":{"@id":"https:\/\/krio.hu\/uj-lehetosegek-a-mesenchymalis-ossejtek-terapias-felhasznalasaban#primaryimage"},"image":{"@id":"https:\/\/krio.hu\/uj-lehetosegek-a-mesenchymalis-ossejtek-terapias-felhasznalasaban#primaryimage"},"thumbnailUrl":"https:\/\/krio.hu\/wp-content\/uploads\/2024\/09\/FB-2-27-ev-tapasztalat-es-europai-elvonal.png","datePublished":"2024-09-19T13:35:27+00:00","dateModified":"2026-03-27T17:27:23+00:00","author":{"@id":"https:\/\/krio.hu\/#\/schema\/person\/89d7f521e522a414b13cbd2b84522add"},"description":"A mesenchymalis \u0151ssejteket 1968-ban \u00edrt\u00e1k le el\u0151sz\u00f6r, mint a csontvel\u0151ben tal\u00e1lhat\u00f3, in vitro kult\u00far\u00e1ban a teny\u00e9szt\u0151ed\u00e9ny fal\u00e1hoz tapadva n\u00f6veked\u0151, fibroblastszer\u0171 morfol\u00f3gi\u00e1t mutat\u00f3, kol\u00f3niak\u00e9pz\u0151 sejteket.","breadcrumb":{"@id":"https:\/\/krio.hu\/uj-lehetosegek-a-mesenchymalis-ossejtek-terapias-felhasznalasaban#breadcrumb"},"inLanguage":"hu","potentialAction":[{"@type":"ReadAction","target":["https:\/\/krio.hu\/uj-lehetosegek-a-mesenchymalis-ossejtek-terapias-felhasznalasaban"]}]},{"@type":"ImageObject","inLanguage":"hu","@id":"https:\/\/krio.hu\/uj-lehetosegek-a-mesenchymalis-ossejtek-terapias-felhasznalasaban#primaryimage","url":"https:\/\/krio.hu\/wp-content\/uploads\/2024\/09\/FB-2-27-ev-tapasztalat-es-europai-elvonal.png","contentUrl":"https:\/\/krio.hu\/wp-content\/uploads\/2024\/09\/FB-2-27-ev-tapasztalat-es-europai-elvonal.png","width":819,"height":615,"caption":"mesenchymalis_ossejtek"},{"@type":"BreadcrumbList","@id":"https:\/\/krio.hu\/uj-lehetosegek-a-mesenchymalis-ossejtek-terapias-felhasznalasaban#breadcrumb","itemListElement":[{"@type":"ListItem","position":1,"name":"Kezd\u0151lap","item":"https:\/\/krio.hu\/"},{"@type":"ListItem","position":2,"name":"\u00daj lehet\u0151s\u00e9gek a\u00a0mesenchymalis \u0151ssejtek ter\u00e1pi\u00e1s felhaszn\u00e1l\u00e1s\u00e1ban"}]},{"@type":"WebSite","@id":"https:\/\/krio.hu\/#website","url":"https:\/\/krio.hu\/","name":"K\u00f6ss\u00f6n a Krio Int\u00e9zetn\u00e9l \u0151ssejtt\u00e1rol\u00e1si csomagot kedvezm\u00e9nyes \u00e1ron","description":"","potentialAction":[{"@type":"SearchAction","target":{"@type":"EntryPoint","urlTemplate":"https:\/\/krio.hu\/?s={search_term_string}"},"query-input":{"@type":"PropertyValueSpecification","valueRequired":true,"valueName":"search_term_string"}}],"inLanguage":"hu"},{"@type":"Person","@id":"https:\/\/krio.hu\/#\/schema\/person\/89d7f521e522a414b13cbd2b84522add","name":"empressia","sameAs":["https:\/\/krio.hu"],"url":"https:\/\/krio.hu\/author\/empressia"}]}},"acf":[],"gutenberg_blocks":[{"blockName":"custom-styles","attrs":{"styles":".eplus-styles-uid-99c3e0{font-size:12px}.eplus-styles-uid-352d88{grid-template-columns:repeat(1,1fr);list-style-type:disc}@media (max-width:981px){.eplus-styles-uid-352d88{list-style-type:}}@media (max-width:600px){.eplus-styles-uid-352d88{list-style-type:}}.eplus-styles-uid-352d88:hover{list-style-type:}"}},{"blockName":"core\/heading","attrs":{"className":"","epAnimationGeneratedClass":"edplus_anim-Fus3Tr","epGeneratedClass":"eplus-wrapper"},"innerBlocks":[],"innerHTML":"\n<h2 class=\" wp-block-heading eplus-wrapper\">Bevezet\u00e9s<\/h2>\n","innerContent":["\n<h2 class=\" wp-block-heading eplus-wrapper\">Bevezet\u00e9s<\/h2>\n"]},{"blockName":"core\/paragraph","attrs":{"className":"","epAnimationGeneratedClass":"edplus_anim-hiIk2B","epGeneratedClass":"eplus-wrapper"},"innerBlocks":[],"innerHTML":"\n<p class=\" eplus-wrapper\">Az els\u0151 \u0151ssejt-transzplant\u00e1ci\u00f3t Donnel Thomas v\u00e9gezte az \u00f6tvenes \u00e9vekben \u00e9s Nobel-d\u00edjat kapott a beavatkoz\u00e1s kidolgoz\u00e1s\u00e1\u00e9rt. Akkor m\u00e9g a csontvel\u0151 (CSV) sz\u00e1m\u00edtott els\u0151dleges \u0151ssejtforr\u00e1snak, \u00e9s szinte kiz\u00e1r\u00f3lag hematol\u00f3giai k\u00f3rk\u00e9pek gy\u00f3gy\u00edt\u00e1s\u00e1ra haszn\u00e1lt\u00e1k. Alternat\u00edv \u0151ssejtforr\u00e1sk\u00e9nt mer\u00fclt fel k\u00e9s\u0151bb a k\u00f6ld\u00f6kzsin\u00f3rv\u00e9r (KZSV), amivel az els\u0151 transzplant\u00e1ci\u00f3t 1988-ban v\u00e9gezt\u00e9k P\u00e1rizsban, egy Fanconi-anaemi\u00e1s gyermekn\u00e9l, Prof. Gluckman \u00e9s Dr. Broxmeyer vezet\u00e9s\u00e9vel.<\/p>\n","innerContent":["\n<p class=\" eplus-wrapper\">Az els\u0151 \u0151ssejt-transzplant\u00e1ci\u00f3t Donnel Thomas v\u00e9gezte az \u00f6tvenes \u00e9vekben \u00e9s Nobel-d\u00edjat kapott a beavatkoz\u00e1s kidolgoz\u00e1s\u00e1\u00e9rt. Akkor m\u00e9g a csontvel\u0151 (CSV) sz\u00e1m\u00edtott els\u0151dleges \u0151ssejtforr\u00e1snak, \u00e9s szinte kiz\u00e1r\u00f3lag hematol\u00f3giai k\u00f3rk\u00e9pek gy\u00f3gy\u00edt\u00e1s\u00e1ra haszn\u00e1lt\u00e1k. Alternat\u00edv \u0151ssejtforr\u00e1sk\u00e9nt mer\u00fclt fel k\u00e9s\u0151bb a k\u00f6ld\u00f6kzsin\u00f3rv\u00e9r (KZSV), amivel az els\u0151 transzplant\u00e1ci\u00f3t 1988-ban v\u00e9gezt\u00e9k P\u00e1rizsban, egy Fanconi-anaemi\u00e1s gyermekn\u00e9l, Prof. Gluckman \u00e9s Dr. Broxmeyer vezet\u00e9s\u00e9vel.<\/p>\n"]},{"blockName":"core\/paragraph","attrs":{"className":"","epAnimationGeneratedClass":"edplus_anim-ECl9nr","epGeneratedClass":"eplus-wrapper"},"innerBlocks":[],"innerHTML":"\n<p class=\" eplus-wrapper\">A mesenchymalis \u0151ssejteket (MSC) 1968-ban \u00edrt\u00e1k le el\u0151sz\u00f6r, mint a csontvel\u0151ben tal\u00e1lhat\u00f3, in vitro kult\u00far\u00e1ban a teny\u00e9szt\u0151ed\u00e9ny fal\u00e1hoz tapadva n\u00f6veked\u0151, fibroblastszer\u0171 morfol\u00f3gi\u00e1t mutat\u00f3, kol\u00f3niak\u00e9pz\u0151 sejteket. Ter\u00e1pi\u00e1s meg\u00edt\u00e9l\u00e9s\u00fck az ut\u00f3bbi \u00e9vekben \u00f3ri\u00e1si fejl\u0151d\u00e9sen ment kereszt\u00fcl annak k\u00f6sz\u00f6nhet\u0151en, hogy sz\u00e1mos preklinikai \u00e9s klinikai k\u00eds\u00e9rlet bizony\u00edtotta hat\u00e9konys\u00e1gukat egyes betegs\u00e9gek kezel\u00e9s\u00e9ben.<\/p>\n","innerContent":["\n<p class=\" eplus-wrapper\">A mesenchymalis \u0151ssejteket (MSC) 1968-ban \u00edrt\u00e1k le el\u0151sz\u00f6r, mint a csontvel\u0151ben tal\u00e1lhat\u00f3, in vitro kult\u00far\u00e1ban a teny\u00e9szt\u0151ed\u00e9ny fal\u00e1hoz tapadva n\u00f6veked\u0151, fibroblastszer\u0171 morfol\u00f3gi\u00e1t mutat\u00f3, kol\u00f3niak\u00e9pz\u0151 sejteket. Ter\u00e1pi\u00e1s meg\u00edt\u00e9l\u00e9s\u00fck az ut\u00f3bbi \u00e9vekben \u00f3ri\u00e1si fejl\u0151d\u00e9sen ment kereszt\u00fcl annak k\u00f6sz\u00f6nhet\u0151en, hogy sz\u00e1mos preklinikai \u00e9s klinikai k\u00eds\u00e9rlet bizony\u00edtotta hat\u00e9konys\u00e1gukat egyes betegs\u00e9gek kezel\u00e9s\u00e9ben.<\/p>\n"]},{"blockName":"core\/heading","attrs":{"className":"","epAnimationGeneratedClass":"edplus_anim-4gkWxk","epGeneratedClass":"eplus-wrapper"},"innerBlocks":[],"innerHTML":"\n<h2 class=\" wp-block-heading eplus-wrapper\">Az MSC-k sokf\u00e9les\u00e9ge \u00e9s f\u0151bb tulajdons\u00e1gai<\/h2>\n","innerContent":["\n<h2 class=\" wp-block-heading eplus-wrapper\">Az MSC-k sokf\u00e9les\u00e9ge \u00e9s f\u0151bb tulajdons\u00e1gai<\/h2>\n"]},{"blockName":"core\/paragraph","attrs":{"className":"","epAnimationGeneratedClass":"edplus_anim-4wKk6l","epGeneratedClass":"eplus-wrapper"},"innerBlocks":[],"innerHTML":"\n<p class=\" eplus-wrapper\">MSC-k legnagyobb mennyis\u00e9gben, mint \u201estroma\u201d \u0151ssejtek a csontvel\u0151ben (CSV-MSC) tal\u00e1lhat\u00f3k meg a hematopoetikus \u0151ssejtek (HSC) mikrok\u00f6rnyezetek\u00e9nt, de enn\u00e9l sokkal k\u00f6nnyebben hozz\u00e1f\u00e9rhet\u0151 forr\u00e1suk lehet a zs\u00edrsz\u00f6vet vagy a k\u00f6ld\u00f6kzsin\u00f3r Wharton-kocsony\u00e1ja (WJ-MSC). Az International Society for Cellular Therapy (ISCT) h\u00e1rom pontban foglalta \u00f6ssze az MSC-k k\u00f6z\u00f6s jellemz\u0151it:<\/p>\n","innerContent":["\n<p class=\" eplus-wrapper\">MSC-k legnagyobb mennyis\u00e9gben, mint \u201estroma\u201d \u0151ssejtek a csontvel\u0151ben (CSV-MSC) tal\u00e1lhat\u00f3k meg a hematopoetikus \u0151ssejtek (HSC) mikrok\u00f6rnyezetek\u00e9nt, de enn\u00e9l sokkal k\u00f6nnyebben hozz\u00e1f\u00e9rhet\u0151 forr\u00e1suk lehet a zs\u00edrsz\u00f6vet vagy a k\u00f6ld\u00f6kzsin\u00f3r Wharton-kocsony\u00e1ja (WJ-MSC). Az International Society for Cellular Therapy (ISCT) h\u00e1rom pontban foglalta \u00f6ssze az MSC-k k\u00f6z\u00f6s jellemz\u0151it:<\/p>\n"]},{"blockName":"core\/paragraph","attrs":{"className":"","epAnimationGeneratedClass":"edplus_anim-gsSH0p","epGeneratedClass":"eplus-wrapper"},"innerBlocks":[],"innerHTML":"\n<p class=\" eplus-wrapper\">\u2022 a teny\u00e9szt\u0151ed\u00e9ny alj\u00e1hoz kitapadva n\u00f6vekednek (adherencia) \u00e9s fibroblastszer\u0171 morfol\u00f3gi\u00e1t mutatnak;<br>\u2022 kifejezik a CD73, CD90, CD105 sejtfelsz\u00edni markereket, de nem hordoznak semmilyen v\u00e9rk\u00e9pz\u0151 \u0151ssejtekre, v\u00e9rsejt-fejl\u0151d\u00e9si vonalakra, ill. endothel sejtekre jellemz\u0151 markereket (CD45, CD34, CD14, CD11b, CD79\u03b1, CD19, CD31);<br>\u2022 k\u00e9pesek csont-, porc- \u00e9s zs\u00edrsejtekk\u00e9 differenci\u00e1l\u00f3dni in vitro k\u00f6r\u00fclm\u00e9nyek k\u00f6z\u00f6tt.<\/p>\n","innerContent":["\n<p class=\" eplus-wrapper\">\u2022 a teny\u00e9szt\u0151ed\u00e9ny alj\u00e1hoz kitapadva n\u00f6vekednek (adherencia) \u00e9s fibroblastszer\u0171 morfol\u00f3gi\u00e1t mutatnak;<br>\u2022 kifejezik a CD73, CD90, CD105 sejtfelsz\u00edni markereket, de nem hordoznak semmilyen v\u00e9rk\u00e9pz\u0151 \u0151ssejtekre, v\u00e9rsejt-fejl\u0151d\u00e9si vonalakra, ill. endothel sejtekre jellemz\u0151 markereket (CD45, CD34, CD14, CD11b, CD79\u03b1, CD19, CD31);<br>\u2022 k\u00e9pesek csont-, porc- \u00e9s zs\u00edrsejtekk\u00e9 differenci\u00e1l\u00f3dni in vitro k\u00f6r\u00fclm\u00e9nyek k\u00f6z\u00f6tt.<\/p>\n"]},{"blockName":"core\/paragraph","attrs":{"className":"","epAnimationGeneratedClass":"edplus_anim-ECl9nr","epGeneratedClass":"eplus-wrapper"},"innerBlocks":[],"innerHTML":"\n<p class=\" eplus-wrapper\">A rendelkez\u00e9sre \u00e1ll\u00f3 adatok szerint a WJ-MSC-k sz\u00e1mos el\u0151nnyel b\u00edrnak a CSV-MSC-vel szemben: kinyer\u00e9s\u00fckh\u00f6z nincs sz\u00fcks\u00e9g f\u00e1jdalmas CSV-aspir\u00e1ci\u00f3ra, \u00e9s viszonylag nagy sz\u00e1mban kinyerhet\u0151k a Wharton-kocsony\u00e1b\u00f3l; r\u00e1ad\u00e1sul a WJ-MSC-k fiatalabb sejtvonalakat k\u00e9pviselnek, hiszen fel\u00fclet\u00fck\u00f6n embrion\u00e1lis markereket is kifejeznek. A WJ-MSC-k jobban szapor\u00edthat\u00f3k laborat\u00f3riumi k\u00f6r\u00fclm\u00e9nyek k\u00f6z\u00f6tt \u00e9s plasztikusabb sejtform\u00e1k, mint a BM-MSC-k.<\/p>\n","innerContent":["\n<p class=\" eplus-wrapper\">A rendelkez\u00e9sre \u00e1ll\u00f3 adatok szerint a WJ-MSC-k sz\u00e1mos el\u0151nnyel b\u00edrnak a CSV-MSC-vel szemben: kinyer\u00e9s\u00fckh\u00f6z nincs sz\u00fcks\u00e9g f\u00e1jdalmas CSV-aspir\u00e1ci\u00f3ra, \u00e9s viszonylag nagy sz\u00e1mban kinyerhet\u0151k a Wharton-kocsony\u00e1b\u00f3l; r\u00e1ad\u00e1sul a WJ-MSC-k fiatalabb sejtvonalakat k\u00e9pviselnek, hiszen fel\u00fclet\u00fck\u00f6n embrion\u00e1lis markereket is kifejeznek. A WJ-MSC-k jobban szapor\u00edthat\u00f3k laborat\u00f3riumi k\u00f6r\u00fclm\u00e9nyek k\u00f6z\u00f6tt \u00e9s plasztikusabb sejtform\u00e1k, mint a BM-MSC-k.<\/p>\n"]},{"blockName":"core\/heading","attrs":{"className":"","epAnimationGeneratedClass":"edplus_anim-Cvf9qU","epGeneratedClass":"eplus-wrapper"},"innerBlocks":[],"innerHTML":"\n<h2 class=\" wp-block-heading eplus-wrapper\">Az MSC-k hipoimmunog\u00e9n, gyullad\u00e1scs\u00f6kkent\u0151 \u00e9s immunszuppressz\u00edv tulajdons\u00e1ga<\/h2>\n","innerContent":["\n<h2 class=\" wp-block-heading eplus-wrapper\">Az MSC-k hipoimmunog\u00e9n, gyullad\u00e1scs\u00f6kkent\u0151 \u00e9s immunszuppressz\u00edv tulajdons\u00e1ga<\/h2>\n"]},{"blockName":"core\/paragraph","attrs":{"className":"","epAnimationGeneratedClass":"edplus_anim-hPsKP9","epGeneratedClass":"eplus-wrapper"},"innerBlocks":[],"innerHTML":"\n<p class=\" eplus-wrapper\">Az MSC-k hipoimmunog\u00e9n tulajdons\u00e1ga \u2013 amely az allog\u00e9n, s\u0151t a xenog\u00e9n transzplant\u00e1ci\u00f3k eset\u00e9n elmarad\u00f3 immunv\u00e1laszt jelent \u2013 azzal magyar\u00e1zhat\u00f3, hogy fel\u00fclet\u00fck\u00f6n nem fejeznek ki MHC II, ill. csak kis mennyis\u00e9gben fejeznek ki MHC I antig\u00e9neket. Ebb\u0151l ad\u00f3d\u00f3an a betegek kezel\u00e9se nem ig\u00e9nyel autol\u00f3g MSC-t, \u00e9s elvileg b\u00e1rmely eg\u00e9szs\u00e9ges donor MSC-je felhaszn\u00e1lhat\u00f3 ter\u00e1pi\u00e1k ind\u00edt\u00e1s\u00e1ra.<\/p>\n","innerContent":["\n<p class=\" eplus-wrapper\">Az MSC-k hipoimmunog\u00e9n tulajdons\u00e1ga \u2013 amely az allog\u00e9n, s\u0151t a xenog\u00e9n transzplant\u00e1ci\u00f3k eset\u00e9n elmarad\u00f3 immunv\u00e1laszt jelent \u2013 azzal magyar\u00e1zhat\u00f3, hogy fel\u00fclet\u00fck\u00f6n nem fejeznek ki MHC II, ill. csak kis mennyis\u00e9gben fejeznek ki MHC I antig\u00e9neket. Ebb\u0151l ad\u00f3d\u00f3an a betegek kezel\u00e9se nem ig\u00e9nyel autol\u00f3g MSC-t, \u00e9s elvileg b\u00e1rmely eg\u00e9szs\u00e9ges donor MSC-je felhaszn\u00e1lhat\u00f3 ter\u00e1pi\u00e1k ind\u00edt\u00e1s\u00e1ra.<\/p>\n"]},{"blockName":"core\/paragraph","attrs":{"className":"","epAnimationGeneratedClass":"edplus_anim-KuYViR","epGeneratedClass":"eplus-wrapper"},"innerBlocks":[],"innerHTML":"\n<p class=\" eplus-wrapper\">Az ischaemi\u00e1s vagy s\u00e9r\u00fclt sz\u00f6vetek szinte \u201evonzz\u00e1k\u201d a mesenchymalis \u0151ssejteket. A folyamat h\u00e1tter\u00e9ben a fel\u00fclet\u00fck\u00f6n tal\u00e1lhat\u00f3, a sejtek migr\u00e1ci\u00f3j\u00e1ban fontos szerepet bet\u00f6lt\u0151 kemokin receptorok \u00e1llnak. Az MSC-k is sokf\u00e9le biol\u00f3giailag akt\u00edv medi\u00e1tort termelnek, amelyek direkt vagy indirekt \u00faton k\u00f6zrem\u0171k\u00f6dnek a regener\u00e1ci\u00f3 folyamat\u00e1ban. A gyullad\u00e1s helysz\u00edn\u00e9n pl. az MSC-k olyan molekul\u00e1kat bocs\u00e1tanak ki, amelyek lok\u00e1lis gyullad\u00e1scs\u00f6kkent\u0151 tulajdons\u00e1g\u00faak.<\/p>\n","innerContent":["\n<p class=\" eplus-wrapper\">Az ischaemi\u00e1s vagy s\u00e9r\u00fclt sz\u00f6vetek szinte \u201evonzz\u00e1k\u201d a mesenchymalis \u0151ssejteket. A folyamat h\u00e1tter\u00e9ben a fel\u00fclet\u00fck\u00f6n tal\u00e1lhat\u00f3, a sejtek migr\u00e1ci\u00f3j\u00e1ban fontos szerepet bet\u00f6lt\u0151 kemokin receptorok \u00e1llnak. Az MSC-k is sokf\u00e9le biol\u00f3giailag akt\u00edv medi\u00e1tort termelnek, amelyek direkt vagy indirekt \u00faton k\u00f6zrem\u0171k\u00f6dnek a regener\u00e1ci\u00f3 folyamat\u00e1ban. A gyullad\u00e1s helysz\u00edn\u00e9n pl. az MSC-k olyan molekul\u00e1kat bocs\u00e1tanak ki, amelyek lok\u00e1lis gyullad\u00e1scs\u00f6kkent\u0151 tulajdons\u00e1g\u00faak.<\/p>\n"]},{"blockName":"core\/paragraph","attrs":{"className":"","epAnimationGeneratedClass":"edplus_anim-hrlV1F","epGeneratedClass":"eplus-wrapper"},"innerBlocks":[],"innerHTML":"\n<p class=\" eplus-wrapper\">A mesenchymalis \u0151ssejtek g\u00e1tolj\u00e1k az immunv\u00e1laszban fontos szerepet bet\u00f6lt\u0151 T-, B-, NK-, antig\u00e9nprezent\u00e1l\u00f3 sejtek aktivit\u00e1s\u00e1t, egyes T-helper sejtek apopt\u00f3zis\u00e1t id\u00e9zik el\u0151 \u00e9s fokozz\u00e1k az immunv\u00e1laszt g\u00e1tl\u00f3 regul\u00e1tor T-sejtek oszt\u00f3d\u00e1s\u00e1t. A r\u00e9szletesebben felt\u00e1rt kapcsolataikat az 1. \u00e1bra foglalja \u00f6ssze.<\/p>\n","innerContent":["\n<p class=\" eplus-wrapper\">A mesenchymalis \u0151ssejtek g\u00e1tolj\u00e1k az immunv\u00e1laszban fontos szerepet bet\u00f6lt\u0151 T-, B-, NK-, antig\u00e9nprezent\u00e1l\u00f3 sejtek aktivit\u00e1s\u00e1t, egyes T-helper sejtek apopt\u00f3zis\u00e1t id\u00e9zik el\u0151 \u00e9s fokozz\u00e1k az immunv\u00e1laszt g\u00e1tl\u00f3 regul\u00e1tor T-sejtek oszt\u00f3d\u00e1s\u00e1t. A r\u00e9szletesebben felt\u00e1rt kapcsolataikat az 1. \u00e1bra foglalja \u00f6ssze.<\/p>\n"]},{"blockName":"core\/paragraph","attrs":{"className":"","epAnimationGeneratedClass":"edplus_anim-5VTEXY","epGeneratedClass":"eplus-wrapper"},"innerBlocks":[],"innerHTML":"\n<p class=\" eplus-wrapper\">2004-ben Le Blanc \u00e9s mtsai els\u0151 alkalommal sz\u00e1moltak be az MSC-k in vivo gyullad\u00e1sg\u00e1tl\u00f3 \u00e9s immunszuppressz\u00edv hat\u00e1s\u00e1n alapul\u00f3 sikeres ter\u00e1pi\u00e1s beavatkoz\u00e1sr\u00f3l. Egy 9 \u00e9ves \u2013 akut lymphoid leukaemia miatt allog\u00e9n csontvel\u0151-transzplant\u00e1ci\u00f3val kezelt \u2013 kisfi\u00fan\u00e1l kialakult rendk\u00edv\u00fcl s\u00falyos (IV. st\u00e1dium\u00fa) akut graft versus host (aGVHD) betegs\u00e9get kezeltek \u00e9desanyj\u00e1t\u00f3l sz\u00e1rmaz\u00f3 CSM-MSC-k t\u00f6bbsz\u00f6ri ad\u00e1s\u00e1val.<\/p>\n","innerContent":["\n<p class=\" eplus-wrapper\">2004-ben Le Blanc \u00e9s mtsai els\u0151 alkalommal sz\u00e1moltak be az MSC-k in vivo gyullad\u00e1sg\u00e1tl\u00f3 \u00e9s immunszuppressz\u00edv hat\u00e1s\u00e1n alapul\u00f3 sikeres ter\u00e1pi\u00e1s beavatkoz\u00e1sr\u00f3l. Egy 9 \u00e9ves \u2013 akut lymphoid leukaemia miatt allog\u00e9n csontvel\u0151-transzplant\u00e1ci\u00f3val kezelt \u2013 kisfi\u00fan\u00e1l kialakult rendk\u00edv\u00fcl s\u00falyos (IV. st\u00e1dium\u00fa) akut graft versus host (aGVHD) betegs\u00e9get kezeltek \u00e9desanyj\u00e1t\u00f3l sz\u00e1rmaz\u00f3 CSM-MSC-k t\u00f6bbsz\u00f6ri ad\u00e1s\u00e1val.<\/p>\n"]},{"blockName":"core\/image","attrs":{"id":4723,"sizeSlug":"full","linkDestination":"none","align":"center","className":"","epAnimationGeneratedClass":"edplus_anim-HmIato","epGeneratedClass":"eplus-wrapper"},"innerBlocks":[],"innerHTML":"\n<figure class=\" wp-block-image aligncenter size-full eplus-wrapper\"><img src=\"https:\/\/krio.hu\/wp-content\/uploads\/2024\/09\/MSC_sematikus_abrazolas-1.png\" alt=\"\" class=\"wp-image-4723\"\/><\/figure>\n","innerContent":["\n<figure class=\" wp-block-image aligncenter size-full eplus-wrapper\"><img src=\"https:\/\/krio.hu\/wp-content\/uploads\/2024\/09\/MSC_sematikus_abrazolas-1.png\" alt=\"\" class=\"wp-image-4723\"\/><\/figure>\n"]},{"blockName":"core\/heading","attrs":{"className":"","epAnimationGeneratedClass":"edplus_anim-sHh93m","epGeneratedClass":"eplus-wrapper"},"innerBlocks":[],"innerHTML":"\n<h2 class=\" wp-block-heading eplus-wrapper\">Klinikai k\u00eds\u00e9rletek MSC-vel<\/h2>\n","innerContent":["\n<h2 class=\" wp-block-heading eplus-wrapper\">Klinikai k\u00eds\u00e9rletek MSC-vel<\/h2>\n"]},{"blockName":"core\/paragraph","attrs":{"className":"","epAnimationGeneratedClass":"edplus_anim-VxCEW4","epGeneratedClass":"eplus-wrapper"},"innerBlocks":[],"innerHTML":"\n<p class=\" eplus-wrapper\">1995 \u00f3ta folynak klinikai k\u00eds\u00e9rletek k\u00fcl\u00f6nb\u00f6z\u0151 eredet\u0171 mesenchymalis sejtekkel, p\u00e1rhuzamosan azokkal az alapkutat\u00e1sokkal, amelyek a hat\u00e1smechanizmusuk tiszt\u00e1z\u00e1s\u00e1ra ir\u00e1nyulnak. M\u00edg 2012-ben 218 klinikai k\u00eds\u00e9rlet folyt k\u00fcl\u00f6nb\u00f6z\u0151 eredet\u0171 MSC-vel, addig napjainkban 254, amelyekb\u0151l 89 esetben k\u00f6ld\u00f6kzsin\u00f3rb\u00f3l izol\u00e1lt sejtekkel t\u00f6rt\u00e9nik a kezel\u00e9s. Egy kor\u00e1bbi cikk\u00fcnkben bemutattuk ezeket a klinikai k\u00eds\u00e9rleteket, kiemelve a porc \u00e9s a m\u00e1j regener\u00e1l\u00e1s\u00e1ban, valamint a GVHD kezel\u00e9s\u00e9ben foly\u00f3 klinikai k\u00eds\u00e9rletek kimagasl\u00f3 ar\u00e1ny\u00e1t.<\/p>\n","innerContent":["\n<p class=\" eplus-wrapper\">1995 \u00f3ta folynak klinikai k\u00eds\u00e9rletek k\u00fcl\u00f6nb\u00f6z\u0151 eredet\u0171 mesenchymalis sejtekkel, p\u00e1rhuzamosan azokkal az alapkutat\u00e1sokkal, amelyek a hat\u00e1smechanizmusuk tiszt\u00e1z\u00e1s\u00e1ra ir\u00e1nyulnak. M\u00edg 2012-ben 218 klinikai k\u00eds\u00e9rlet folyt k\u00fcl\u00f6nb\u00f6z\u0151 eredet\u0171 MSC-vel, addig napjainkban 254, amelyekb\u0151l 89 esetben k\u00f6ld\u00f6kzsin\u00f3rb\u00f3l izol\u00e1lt sejtekkel t\u00f6rt\u00e9nik a kezel\u00e9s. Egy kor\u00e1bbi cikk\u00fcnkben bemutattuk ezeket a klinikai k\u00eds\u00e9rleteket, kiemelve a porc \u00e9s a m\u00e1j regener\u00e1l\u00e1s\u00e1ban, valamint a GVHD kezel\u00e9s\u00e9ben foly\u00f3 klinikai k\u00eds\u00e9rletek kimagasl\u00f3 ar\u00e1ny\u00e1t.<\/p>\n"]},{"blockName":"core\/paragraph","attrs":{"className":"","epAnimationGeneratedClass":"edplus_anim-KuYViR","epGeneratedClass":"eplus-wrapper"},"innerBlocks":[],"innerHTML":"\n<p class=\" eplus-wrapper\">Napjainkban a WJ-MSC sejtekkel foly\u00f3 k\u00eds\u00e9rletek m\u00e9g sz\u00e9lesebb sk\u00e1l\u00e1n mozognak: egyes autoimmun betegs\u00e9gek (1-es t\u00edpus\u00fa diabetes mellitus, sclerosis multiplex, sziszt\u00e9m\u00e1s lupus) mellett, izomdisztr\u00f3fia \u00e9s az Alzheimer-k\u00f3r kezel\u00e9s\u00e9re is folynak klinikai k\u00eds\u00e9rletek. N\u00e9h\u00e1ny \u2013 az aGVHD megel\u0151z\u00e9s\u00e9t \u00e9s a m\u00e1r kialakult betegs\u00e9g visszaszor\u00edt\u00e1s\u00e1t, valamint n\u00e9h\u00e1ny autoimmun betegs\u00e9g (Crohn-betegs\u00e9g, rheumatoid arthritis) kezel\u00e9s\u00e9t c\u00e9lz\u00f3 \u2013 \u201etrial\u201d azonban m\u00e1r eljutott a III. f\u00e1zisba. Preklinikai st\u00e1diumban vannak a legk\u00fcl\u00f6nb\u00f6z\u0151bb daganatos betegs\u00e9gek, perif\u00e9ri\u00e1lis idegk\u00e1rosod\u00e1s, kardiovaszkul\u00e1ris sz\u00f6vetek regener\u00e1ci\u00f3j\u00e1ra, ill. a 2-es t\u00edpus\u00fa cukorbetegs\u00e9g kezel\u00e9s\u00e9re ir\u00e1nyul\u00f3 vizsg\u00e1latok. Azt, hogy ezek k\u00f6z\u00fcl melyek l\u00e9pnek a klinikai k\u00eds\u00e9rletek k\u00f6z\u00e9, nem lehet megj\u00f3solni, mint ahogyan az is k\u00e9rd\u00e9ses, hogy mely klinikai k\u00eds\u00e9rletek v\u00e1lnak rutin ter\u00e1pi\u00e1s gyakorlatt\u00e1.<\/p>\n","innerContent":["\n<p class=\" eplus-wrapper\">Napjainkban a WJ-MSC sejtekkel foly\u00f3 k\u00eds\u00e9rletek m\u00e9g sz\u00e9lesebb sk\u00e1l\u00e1n mozognak: egyes autoimmun betegs\u00e9gek (1-es t\u00edpus\u00fa diabetes mellitus, sclerosis multiplex, sziszt\u00e9m\u00e1s lupus) mellett, izomdisztr\u00f3fia \u00e9s az Alzheimer-k\u00f3r kezel\u00e9s\u00e9re is folynak klinikai k\u00eds\u00e9rletek. N\u00e9h\u00e1ny \u2013 az aGVHD megel\u0151z\u00e9s\u00e9t \u00e9s a m\u00e1r kialakult betegs\u00e9g visszaszor\u00edt\u00e1s\u00e1t, valamint n\u00e9h\u00e1ny autoimmun betegs\u00e9g (Crohn-betegs\u00e9g, rheumatoid arthritis) kezel\u00e9s\u00e9t c\u00e9lz\u00f3 \u2013 \u201etrial\u201d azonban m\u00e1r eljutott a III. f\u00e1zisba. Preklinikai st\u00e1diumban vannak a legk\u00fcl\u00f6nb\u00f6z\u0151bb daganatos betegs\u00e9gek, perif\u00e9ri\u00e1lis idegk\u00e1rosod\u00e1s, kardiovaszkul\u00e1ris sz\u00f6vetek regener\u00e1ci\u00f3j\u00e1ra, ill. a 2-es t\u00edpus\u00fa cukorbetegs\u00e9g kezel\u00e9s\u00e9re ir\u00e1nyul\u00f3 vizsg\u00e1latok. Azt, hogy ezek k\u00f6z\u00fcl melyek l\u00e9pnek a klinikai k\u00eds\u00e9rletek k\u00f6z\u00e9, nem lehet megj\u00f3solni, mint ahogyan az is k\u00e9rd\u00e9ses, hogy mely klinikai k\u00eds\u00e9rletek v\u00e1lnak rutin ter\u00e1pi\u00e1s gyakorlatt\u00e1.<\/p>\n"]},{"blockName":"core\/heading","attrs":{"className":"","epAnimationGeneratedClass":"edplus_anim-73qcX8","epGeneratedClass":"eplus-wrapper"},"innerBlocks":[],"innerHTML":"\n<h2 class=\" wp-block-heading eplus-wrapper\">Az MSC-k szerepe az ALS kezel\u00e9s\u00e9ben<\/h2>\n","innerContent":["\n<h2 class=\" wp-block-heading eplus-wrapper\">Az MSC-k szerepe az ALS kezel\u00e9s\u00e9ben<\/h2>\n"]},{"blockName":"core\/paragraph","attrs":{"className":"","epAnimationGeneratedClass":"edplus_anim-22dflH","epGeneratedClass":"eplus-wrapper"},"innerBlocks":[],"innerHTML":"\n<p class=\" eplus-wrapper\">Az ALS (amyotrophis lateral sclerosis) a motoneuron-betegs\u00e9gek leggyakoribb fajt\u00e1ja, amely a mozgat\u00f3idegek pusztul\u00e1sa miatt az izmok gyeng\u00fcl\u00e9s\u00e9hez, sorvad\u00e1s\u00e1hoz \u00e9s a mozg\u00e1sk\u00e9ptelens\u00e9g miatt fell\u00e9p\u0151 sz\u00f6v\u0151dm\u00e9nyek miatt hal\u00e1lhoz vezet. A felt\u00e9telezett okok k\u00f6z\u00f6tt szerepelnek mut\u00e1ci\u00f3k, extracellul\u00e1ris faktorok, a nem idegi \u201esupport\u201d sejtek \u00e9s az immunrendszer hib\u00e1i. Az ALS ma m\u00e9g nem teljesen ismert mechanizmus\u00e1nak felt\u00e1r\u00e1sa \u00e9rdek\u00e9ben sz\u00e1mos \u00e1llatk\u00eds\u00e9rletet v\u00e9geztek, \u00e9s 2003 \u00f3ta vizsg\u00e1lj\u00e1k a mesenhymalis \u0151ssejtekkel t\u00f6rt\u00e9n\u0151 kezel\u00e9s lehet\u0151s\u00e9g\u00e9t is: Marconi \u00e9s mtsai zs\u00edrsz\u00f6vetb\u0151l sz\u00e1rmaz\u00f3 MSC-t \u00fcltettek SOD1 mut\u00e1ci\u00f3t hordoz\u00f3 transzgenikus egerekbe \u00e9s bebizony\u00edtott\u00e1k, hogy a transzplant\u00e1ci\u00f3 4\u20136 h\u00e9ttel k\u00e9sleltette a motoros k\u00e9szs\u00e9gek roml\u00e1s\u00e1t. Uccelli \u00e9s mtsai a motoros k\u00e9szs\u00e9gek javul\u00e1s\u00e1t, a tests\u00faly cs\u00f6kken\u00e9s\u00e9nek lelassul\u00e1s\u00e1t, valamint a t\u00fal\u00e9l\u00e9s javul\u00e1s\u00e1t mutatt\u00e1k ki 17 nappal a bead\u00e1s ut\u00e1n, ALS egereken.<\/p>\n","innerContent":["\n<p class=\" eplus-wrapper\">Az ALS (amyotrophis lateral sclerosis) a motoneuron-betegs\u00e9gek leggyakoribb fajt\u00e1ja, amely a mozgat\u00f3idegek pusztul\u00e1sa miatt az izmok gyeng\u00fcl\u00e9s\u00e9hez, sorvad\u00e1s\u00e1hoz \u00e9s a mozg\u00e1sk\u00e9ptelens\u00e9g miatt fell\u00e9p\u0151 sz\u00f6v\u0151dm\u00e9nyek miatt hal\u00e1lhoz vezet. A felt\u00e9telezett okok k\u00f6z\u00f6tt szerepelnek mut\u00e1ci\u00f3k, extracellul\u00e1ris faktorok, a nem idegi \u201esupport\u201d sejtek \u00e9s az immunrendszer hib\u00e1i. Az ALS ma m\u00e9g nem teljesen ismert mechanizmus\u00e1nak felt\u00e1r\u00e1sa \u00e9rdek\u00e9ben sz\u00e1mos \u00e1llatk\u00eds\u00e9rletet v\u00e9geztek, \u00e9s 2003 \u00f3ta vizsg\u00e1lj\u00e1k a mesenhymalis \u0151ssejtekkel t\u00f6rt\u00e9n\u0151 kezel\u00e9s lehet\u0151s\u00e9g\u00e9t is: Marconi \u00e9s mtsai zs\u00edrsz\u00f6vetb\u0151l sz\u00e1rmaz\u00f3 MSC-t \u00fcltettek SOD1 mut\u00e1ci\u00f3t hordoz\u00f3 transzgenikus egerekbe \u00e9s bebizony\u00edtott\u00e1k, hogy a transzplant\u00e1ci\u00f3 4\u20136 h\u00e9ttel k\u00e9sleltette a motoros k\u00e9szs\u00e9gek roml\u00e1s\u00e1t. Uccelli \u00e9s mtsai a motoros k\u00e9szs\u00e9gek javul\u00e1s\u00e1t, a tests\u00faly cs\u00f6kken\u00e9s\u00e9nek lelassul\u00e1s\u00e1t, valamint a t\u00fal\u00e9l\u00e9s javul\u00e1s\u00e1t mutatt\u00e1k ki 17 nappal a bead\u00e1s ut\u00e1n, ALS egereken.<\/p>\n"]},{"blockName":"core\/paragraph","attrs":{"className":"","epAnimationGeneratedClass":"edplus_anim-7ZcynH","epGeneratedClass":"eplus-wrapper"},"innerBlocks":[],"innerHTML":"\n<p class=\" eplus-wrapper\">Az els\u0151 hum\u00e1n klinikai k\u00eds\u00e9rleteket Mazzini \u00e9s mtsai v\u00e9gezt\u00e9k: a vizsg\u00e1lat 9 betegre terjedt ki, amely sor\u00e1n saj\u00e1t CSV-b\u0151l sz\u00e1rmaz\u00f3 MSC-t alkalmaztak nem egys\u00e9ges\u00edtett mennyis\u00e9gben a betegek gerincvel\u0151j\u00e9be t\u00f6rt\u00e9n\u0151 injekt\u00e1l\u00e1s form\u00e1j\u00e1ban. Klinikai javul\u00e1s nem volt tapasztalhat\u00f3, de nem \u00e9szleltek mell\u00e9khat\u00e1st sem. A vizsg\u00e1latokat k\u00e9s\u0151bb megism\u00e9telt\u00e9k 10 tov\u00e1bbi beteg eset\u00e9ben. Nem tapasztalt\u00e1k az ALS progresszi\u00f3j\u00e1nak lassul\u00e1s\u00e1t, de felgyorsul\u00e1s\u00e1t sem \u00e9s a kezel\u00e9st biztons\u00e1gosnak \u00e9s j\u00f3l toler\u00e1lhat\u00f3nak min\u0151s\u00edtett\u00e9k.<\/p>\n","innerContent":["\n<p class=\" eplus-wrapper\">Az els\u0151 hum\u00e1n klinikai k\u00eds\u00e9rleteket Mazzini \u00e9s mtsai v\u00e9gezt\u00e9k: a vizsg\u00e1lat 9 betegre terjedt ki, amely sor\u00e1n saj\u00e1t CSV-b\u0151l sz\u00e1rmaz\u00f3 MSC-t alkalmaztak nem egys\u00e9ges\u00edtett mennyis\u00e9gben a betegek gerincvel\u0151j\u00e9be t\u00f6rt\u00e9n\u0151 injekt\u00e1l\u00e1s form\u00e1j\u00e1ban. Klinikai javul\u00e1s nem volt tapasztalhat\u00f3, de nem \u00e9szleltek mell\u00e9khat\u00e1st sem. A vizsg\u00e1latokat k\u00e9s\u0151bb megism\u00e9telt\u00e9k 10 tov\u00e1bbi beteg eset\u00e9ben. Nem tapasztalt\u00e1k az ALS progresszi\u00f3j\u00e1nak lassul\u00e1s\u00e1t, de felgyorsul\u00e1s\u00e1t sem \u00e9s a kezel\u00e9st biztons\u00e1gosnak \u00e9s j\u00f3l toler\u00e1lhat\u00f3nak min\u0151s\u00edtett\u00e9k.<\/p>\n"]},{"blockName":"core\/paragraph","attrs":{"className":"","epAnimationGeneratedClass":"edplus_anim-6shVcW","epGeneratedClass":"eplus-wrapper"},"innerBlocks":[],"innerHTML":"\n<p class=\" eplus-wrapper\">Karussis \u00e9s mtsai autol\u00f3g CSV-i eredet\u0171 MSC-t haszn\u00e1ltak 19 beteg eset\u00e9n. N\u00e9h\u00e1ny alkalommal a sejteket szuperm\u00e1gneses vas-oxiddal jel\u00f6lt\u00e9k. A betegek 6-t\u00f3l 25 h\u00f3napig tart\u00f3 megfigyel\u00e9se sor\u00e1n nem fordult el\u0151 k\u00e9s\u0151i mell\u00e9khat\u00e1s, \u00e9s a legt\u00f6bb beteg eset\u00e9ben a klinikai \u00e1llapot stabiliz\u00e1l\u00f3d\u00e1s\u00e1t vagy enyhe javul\u00e1s\u00e1t figyelt\u00e9k meg. A jel\u00f6lt sejteket kapott betegek MRI-vizsg\u00e1lata kimutatta, hogy az agyi ter\u00fcleten beadott sejtek a harmadik agykamr\u00e1ba \u00e9s a subarachnoidealis t\u00e9rbe jutottak \u00e1t \u00e9s igazolt\u00e1k az MSC-k immunmodul\u00e1l\u00f3 hat\u00e1s\u00e1t m\u00e1r 4 \u00f3r\u00e1val a sejtek bejuttat\u00e1sa ut\u00e1n.<\/p>\n","innerContent":["\n<p class=\" eplus-wrapper\">Karussis \u00e9s mtsai autol\u00f3g CSV-i eredet\u0171 MSC-t haszn\u00e1ltak 19 beteg eset\u00e9n. N\u00e9h\u00e1ny alkalommal a sejteket szuperm\u00e1gneses vas-oxiddal jel\u00f6lt\u00e9k. A betegek 6-t\u00f3l 25 h\u00f3napig tart\u00f3 megfigyel\u00e9se sor\u00e1n nem fordult el\u0151 k\u00e9s\u0151i mell\u00e9khat\u00e1s, \u00e9s a legt\u00f6bb beteg eset\u00e9ben a klinikai \u00e1llapot stabiliz\u00e1l\u00f3d\u00e1s\u00e1t vagy enyhe javul\u00e1s\u00e1t figyelt\u00e9k meg. A jel\u00f6lt sejteket kapott betegek MRI-vizsg\u00e1lata kimutatta, hogy az agyi ter\u00fcleten beadott sejtek a harmadik agykamr\u00e1ba \u00e9s a subarachnoidealis t\u00e9rbe jutottak \u00e1t \u00e9s igazolt\u00e1k az MSC-k immunmodul\u00e1l\u00f3 hat\u00e1s\u00e1t m\u00e1r 4 \u00f3r\u00e1val a sejtek bejuttat\u00e1sa ut\u00e1n.<\/p>\n"]},{"blockName":"core\/heading","attrs":{"className":"","epAnimationGeneratedClass":"edplus_anim-frzMpU","epGeneratedClass":"eplus-wrapper"},"innerBlocks":[],"innerHTML":"\n<h2 class=\" wp-block-heading eplus-wrapper\">ALS kezel\u00e9s a Famicord Csoportban<\/h2>\n","innerContent":["\n<h2 class=\" wp-block-heading eplus-wrapper\">ALS kezel\u00e9s a Famicord Csoportban<\/h2>\n"]},{"blockName":"core\/paragraph","attrs":{"className":"","epAnimationGeneratedClass":"edplus_anim-7HvG8C","epGeneratedClass":"eplus-wrapper"},"innerBlocks":[],"innerHTML":"\n<p class=\" eplus-wrapper\">A Famicord Csoport kezel\u00e9si met\u00f3dusa arra \u00e9p\u00fcl, hogy a WJ-MSC \u0151ssejteket nagyobb proliferat\u00edv potenci\u00e1l jellemzi, mint a CSV eredet\u0171eket. A KRIO Int\u00e9zet \u2013 a Famicord Csoport magyar tagja \u2013 2013-ban szabadalmat ny\u00fajtott be a WJ MSC-k izol\u00e1l\u00e1s\u00e1ra \u00e9s feldolgoz\u00e1s\u00e1ra vonatkoz\u00f3lag. Ezen izol\u00e1l\u00e1si \u00e9s feldolgoz\u00e1si elveket figyelembe v\u00e9ve a Famicord Csoport lengyel tagja, a Lengyel \u0150ssejtbank (PBKM) 2014 okt\u00f3ber\u00e9ben megkapta az orvosetikai hozz\u00e1j\u00e1rul\u00e1st az ALS-betegek lengyelorsz\u00e1gi kezel\u00e9s\u00e9re. Az MSC-k els\u0151 lengyelorsz\u00e1gi alkalmaz\u00e1sa velesz\u00fcletett neurol\u00f3giai betegs\u00e9gek kezel\u00e9s\u00e9ben a poznani Orvostudom\u00e1nyi egyetem Bioetikai Bizotts\u00e1g\u00e1nak hat\u00e1rozata (1141\/12) alapj\u00e1n 2014 m\u00e1jusa \u00f3ta folyamatosan zajlik.<\/p>\n","innerContent":["\n<p class=\" eplus-wrapper\">A Famicord Csoport kezel\u00e9si met\u00f3dusa arra \u00e9p\u00fcl, hogy a WJ-MSC \u0151ssejteket nagyobb proliferat\u00edv potenci\u00e1l jellemzi, mint a CSV eredet\u0171eket. A KRIO Int\u00e9zet \u2013 a Famicord Csoport magyar tagja \u2013 2013-ban szabadalmat ny\u00fajtott be a WJ MSC-k izol\u00e1l\u00e1s\u00e1ra \u00e9s feldolgoz\u00e1s\u00e1ra vonatkoz\u00f3lag. Ezen izol\u00e1l\u00e1si \u00e9s feldolgoz\u00e1si elveket figyelembe v\u00e9ve a Famicord Csoport lengyel tagja, a Lengyel \u0150ssejtbank (PBKM) 2014 okt\u00f3ber\u00e9ben megkapta az orvosetikai hozz\u00e1j\u00e1rul\u00e1st az ALS-betegek lengyelorsz\u00e1gi kezel\u00e9s\u00e9re. Az MSC-k els\u0151 lengyelorsz\u00e1gi alkalmaz\u00e1sa velesz\u00fcletett neurol\u00f3giai betegs\u00e9gek kezel\u00e9s\u00e9ben a poznani Orvostudom\u00e1nyi egyetem Bioetikai Bizotts\u00e1g\u00e1nak hat\u00e1rozata (1141\/12) alapj\u00e1n 2014 m\u00e1jusa \u00f3ta folyamatosan zajlik.<\/p>\n"]},{"blockName":"core\/heading","attrs":{"className":"","epAnimationGeneratedClass":"edplus_anim-B2e678","epGeneratedClass":"eplus-wrapper"},"innerBlocks":[],"innerHTML":"\n<h2 class=\" wp-block-heading eplus-wrapper\">\u00d6sszefoglal\u00e1s<\/h2>\n","innerContent":["\n<h2 class=\" wp-block-heading eplus-wrapper\">\u00d6sszefoglal\u00e1s<\/h2>\n"]},{"blockName":"core\/paragraph","attrs":{"className":"","epAnimationGeneratedClass":"edplus_anim-ewHAMp","epGeneratedClass":"eplus-wrapper"},"innerBlocks":[],"innerHTML":"\n<p class=\" eplus-wrapper\">Sz\u00e1mos tanulm\u00e1ny \u00e9s klinikai k\u00eds\u00e9rlet foglalkozik a mesenchymalis \u0151ssejtek \u00e9s ezen bel\u00fcl a k\u00f6ld\u00f6kzsin\u00f3r eredet\u0171 MSC-k gyakorlati jelent\u0151s\u00e9g\u00e9nek megismer\u00e9s\u00e9vel, amelyr\u0151l \u00e1ttekint\u00e9st a <a href=\"http:\/\/www.clinicaltrials.gov\">www.clinicaltrials.gov<\/a> ad. Az itt regisztr\u00e1lt k\u00eds\u00e9rletek folyamatosan n\u00f6vekv\u0151 sz\u00e1ma \u00e9s sokf\u00e9les\u00e9ge arra enged k\u00f6vetkeztetni, hogy b\u00e1r kor\u00e1bban els\u0151sorban a regenerat\u00edv orvosl\u00e1s eszk\u00f6zek\u00e9nt jellemezt\u00e9k \u0151ket, napjainkban egyes autoimmun betegs\u00e9gek ill. aGVHD kezel\u00e9se mellett az ALS kezel\u00e9s\u00e9ben is jelent\u0151s szerepet kaphatnak.<\/p>\n","innerContent":["\n<p class=\" eplus-wrapper\">Sz\u00e1mos tanulm\u00e1ny \u00e9s klinikai k\u00eds\u00e9rlet foglalkozik a mesenchymalis \u0151ssejtek \u00e9s ezen bel\u00fcl a k\u00f6ld\u00f6kzsin\u00f3r eredet\u0171 MSC-k gyakorlati jelent\u0151s\u00e9g\u00e9nek megismer\u00e9s\u00e9vel, amelyr\u0151l \u00e1ttekint\u00e9st a <a href=\"http:\/\/www.clinicaltrials.gov\">www.clinicaltrials.gov<\/a> ad. Az itt regisztr\u00e1lt k\u00eds\u00e9rletek folyamatosan n\u00f6vekv\u0151 sz\u00e1ma \u00e9s sokf\u00e9les\u00e9ge arra enged k\u00f6vetkeztetni, hogy b\u00e1r kor\u00e1bban els\u0151sorban a regenerat\u00edv orvosl\u00e1s eszk\u00f6zek\u00e9nt jellemezt\u00e9k \u0151ket, napjainkban egyes autoimmun betegs\u00e9gek ill. aGVHD kezel\u00e9se mellett az ALS kezel\u00e9s\u00e9ben is jelent\u0151s szerepet kaphatnak.<\/p>\n"]},{"blockName":"core\/paragraph","attrs":{"className":"","epAnimationGeneratedClass":"edplus_anim-gH5J8v","epGeneratedClass":"eplus-wrapper"},"innerBlocks":[],"innerHTML":"\n<p class=\" eplus-wrapper\"><\/p>\n","innerContent":["\n<p class=\" eplus-wrapper\"><\/p>\n"]},{"blockName":"core\/paragraph","attrs":{"align":"right","className":"","epAnimationGeneratedClass":"edplus_anim-xRCXq6","epGeneratedClass":"eplus-wrapper"},"innerBlocks":[],"innerHTML":"\n<p class=\" has-text-align-right eplus-wrapper\"><strong>Balogh I., Sz\u00e1raz L.<\/strong>&nbsp;&nbsp;<\/p>\n","innerContent":["\n<p class=\" has-text-align-right eplus-wrapper\"><strong>Balogh I., Sz\u00e1raz L.<\/strong>&nbsp;&nbsp;<\/p>\n"]},{"blockName":"core\/paragraph","attrs":{"className":"","epAnimationGeneratedClass":"edplus_anim-m54ILS","epGeneratedClass":"eplus-wrapper"},"innerBlocks":[],"innerHTML":"\n<p class=\" eplus-wrapper\">HIVATKOZ\u00c1SOK<\/p>\n","innerContent":["\n<p class=\" eplus-wrapper\">HIVATKOZ\u00c1SOK<\/p>\n"]},{"blockName":"core\/list","attrs":{"className":"","epStylingOptions":{"columnsResponsiveEnabled":false,"columnsHoverEnabled":false,"itemsSpacingResponsiveEnabled":false,"itemsSpacingHoverEnabled":false,"listStyleResponsiveEnabled":false,"listStyleHoverEnabled":false,"listIconResponsiveEnabled":false,"listIconHoverEnabled":false,"columns":{"target":"","responsive":true,"hover":true,"options":[{"custom":true,"control":"ToggleOptions"},{"label":"Columns","control":"Range","attribute":"columns","css":"grid-template-columns","customValue":"repeat({{value}}, 1fr)","props":{"max":5,"min":1,"supportedUnits":[]},"defaults":{"desktop":"1"},"show_if":{"className":["ep-custom-list"]}}]},"itemsSpacing":{"target":"","responsive":true,"hover":true,"options":[{"label":"Items Spacing","control":"Range","attribute":"itemsSpacing","css":"grid-gap","props":{"max":100,"min":0,"supportedUnits":["px"]},"show_if":{"className":["ep-custom-list"]}}]},"listStyle":{"target":"","responsive":true,"hover":true,"options":[{"custom":true,"control":"IconClassToggle","condition":{"relation":"AND","query":[{"field":"attributes.className","compare":"IN","value":"ep-custom-list"}]}},{"label":"Choose List Style","control":"ButtonGroup","attribute":"unorderListStyle","css":"list-style-type","defaults":{"desktop":"disc"},"condition":{"relation":"AND","query":[{"field":"attributes.className","compare":"IN","value":"ep-custom-list"},{"field":"attributes.ordered","compare":"EQUAL","value":false},{"field":"attributes.className","compare":"NOT IN","value":"ep-custom-icon-list"}]},"props":{"layout":"stacked","options":[{"customIcon":"<svg enable-background='new 0 0 512 512' version='1.1' viewBox='0 0 512 512' xml:space='preserve' xmlns='http:\/\/www.w3.org\/2000\/svg'><path d='m256 0c-141.16 0-256 114.84-256 256s114.84 256 256 256 256-114.84 256-256-114.84-256-256-256zm0 448c-105.86 0-192-86.135-192-192 0-40.406 12.25-78.604 35.542-111.2l267.66 267.66c-32.594 23.292-70.792 35.542-111.2 35.542zm156.46-80.802-267.66-267.66c32.594-23.292 70.792-35.542 111.2-35.542 105.86 0 192 86.135 192 192 0 40.406-12.25 78.604-35.542 111.2z'\/><\/svg>","value":"none"},{"customIcon":"<svg enable-background='new 0 0 29.107 29.107' version='1.1' viewBox='0 0 29.107 29.107' xml:space='preserve' xmlns='http:\/\/www.w3.org\/2000\/svg'><path d='M14.554,0C6.561,0,0,6.562,0,14.552c0,7.996,6.561,14.555,14.554,14.555c7.996,0,14.553-6.559,14.553-14.555 C29.106,6.562,22.55,0,14.554,0z'\/><\/svg>","value":"disc"},{"customIcon":"<svg enable-background='new 0 0 341.333 341.333' version='1.1' viewBox='0 0 341.33 341.33' xml:space='preserve' xmlns='http:\/\/www.w3.org\/2000\/svg'><path d='m170.67 0c-94.257 0-170.67 76.41-170.67 170.67s76.41 170.67 170.67 170.67 170.67-76.41 170.67-170.67-76.411-170.67-170.67-170.67zm0 298.67c-70.692 0-128-57.308-128-128s57.308-128 128-128 128 57.308 128 128-57.308 128-128 128z'\/><\/svg>","value":"circle"},{"customIcon":"<svg enable-background='new 0 0 60 60' version='1.1' viewBox='0 0 60 60' xml:space='preserve' xmlns='http:\/\/www.w3.org\/2000\/svg'><rect width='60' height='60'\/><\/svg>","value":"square"}]}},{"label":"Choose List Style","control":"ButtonGroup","attribute":"orderListStyle","css":"list-style-type","defaults":{"desktop":"decimal"},"condition":{"relation":"AND","query":[{"field":"attributes.className","compare":"IN","value":"ep-custom-list"},{"field":"attributes.ordered","compare":"EQUAL","value":true},{"field":"attributes.className","compare":"NOT IN","value":"ep-custom-icon-list"}]},"props":{"layout":"stacked","options":[{"customIcon":"<svg enable-background='new 0 0 512 512' version='1.1' viewBox='0 0 512 512' xml:space='preserve' xmlns='http:\/\/www.w3.org\/2000\/svg'><path d='m256 0c-141.16 0-256 114.84-256 256s114.84 256 256 256 256-114.84 256-256-114.84-256-256-256zm0 448c-105.86 0-192-86.135-192-192 0-40.406 12.25-78.604 35.542-111.2l267.66 267.66c-32.594 23.292-70.792 35.542-111.2 35.542zm156.46-80.802-267.66-267.66c32.594-23.292 70.792-35.542 111.2-35.542 105.86 0 192 86.135 192 192 0 40.406-12.25 78.604-35.542 111.2z'\/><\/svg>","value":"none"},{"customIcon":"<svg id='Capa_1' enable-background='new 0 0 512 512' viewBox='0 0 512 512' xmlns='http:\/\/www.w3.org\/2000\/svg'><g id='_x31__1_'><path d='m376 512v-512h-99.902l-3.56 9.932c-9.419 26.294-27.202 49.746-52.837 69.697-26.528 20.684-51.211 34.849-73.359 42.1l-10.342 3.383v114.771l19.702-6.519c36.387-12.012 69.448-29.268 98.672-51.445v330.081z'\/><\/g><\/svg>","value":"decimal"},{"customIcon":"\u2160","value":"upper-roman"},{"customIcon":"\u2170","value":"lower-roman"}]}}]},"listIcon":{"target":"li:before","includeDotSuffix":false,"responsive":true,"hover":true,"hoverTarget":"{{class}} li:hover:before","options":[{"label":"Icon","control":"IconPicker","attribute":"icon","defaults":{"desktop":"eplusicon-check"},"css":"content","condition":{"relation":"AND","query":[{"field":"attributes.className","compare":"IN","value":"ep-custom-icon-list"}]}},{"label":"Background","control":"ColorPicker","attribute":"iconBackground","css":"background","condition":{"query":[{"field":"attributes.className","compare":"IN","value":"ep-custom-icon-list"}]}},{"label":"Color","control":"ColorPicker","attribute":"iconColor","css":"color","condition":{"query":[{"field":"attributes.className","compare":"IN","value":"ep-custom-icon-list"}]}},{"label":"Size","control":"Range","attribute":"iconSize","css":"font-size","props":{"supportedUnits":["px"],"max":100},"condition":{"query":[{"field":"attributes.className","compare":"IN","value":"ep-custom-icon-list"}]}},{"label":"Radius","control":"Range","attribute":"iconRadius","css":"border-radius","condition":{"query":[{"field":"attributes.className","compare":"IN","value":"ep-custom-icon-list"}]}},{"label":"Padding","control":"Range","attribute":"iconPadding","css":"padding","props":{"supportedUnits":["px"],"max":100},"condition":{"query":[{"field":"attributes.className","compare":"IN","value":"ep-custom-icon-list"}]}}]},"savedStyling":"","clientId":"9947c89a-9836-4fa6-9a9e-119898dc3e6c"},"columns":{"desktop":{"value":1,"important":false,"unit":""},"tablet":{"value":"","important":false,"unit":"%"},"tabletModified":false,"mobile":{"value":"","important":false,"unit":"%"},"mobileModified":false,"hover":{"value":"","important":false,"unit":"%"},"hoverModified":false},"itemsSpacing":{"desktop":{"value":"","important":false,"unit":"%"},"tablet":{"value":"","important":false,"unit":"%"},"tabletModified":false,"mobile":{"value":"","important":false,"unit":"%"},"mobileModified":false,"hover":{"value":"","important":false,"unit":"%"},"hoverModified":false},"unorderListStyle":{"desktop":"disc","tablet":"","tabletModified":false,"mobile":"","mobileModified":false,"hover":"","hoverModified":false},"orderListStyle":{"desktop":"decimal","tablet":"","tabletModified":false,"mobile":"","mobileModified":false,"hover":"","hoverModified":false},"icon":{"desktop":{"icon":"eplusicon-check"},"tablet":{"icon":""},"tabletModified":false,"mobile":{"icon":""},"mobileModified":false,"hover":{"icon":""},"hoverModified":false},"iconBackground":{"desktop":{"color":""},"tablet":{"color":""},"tabletModified":false,"mobile":{"color":""},"mobileModified":false,"hover":{"color":""},"hoverModified":false},"iconColor":{"desktop":{"color":""},"tablet":{"color":""},"tabletModified":false,"mobile":{"color":""},"mobileModified":false,"hover":{"color":""},"hoverModified":false},"iconSize":{"desktop":{"value":"","important":false,"unit":"%"},"tablet":{"value":"","important":false,"unit":"%"},"tabletModified":false,"mobile":{"value":"","important":false,"unit":"%"},"mobileModified":false,"hover":{"value":"","important":false,"unit":"%"},"hoverModified":false},"iconRadius":{"desktop":{"value":"","important":false,"unit":"%"},"tablet":{"value":"","important":false,"unit":"%"},"tabletModified":false,"mobile":{"value":"","important":false,"unit":"%"},"mobileModified":false,"hover":{"value":"","important":false,"unit":"%"},"hoverModified":false},"iconPadding":{"desktop":{"value":"","important":false,"unit":"%"},"tablet":{"value":"","important":false,"unit":"%"},"tabletModified":false,"mobile":{"value":"","important":false,"unit":"%"},"mobileModified":false,"hover":{"value":"","important":false,"unit":"%"},"hoverModified":false},"epAnimationGeneratedClass":"edplus_anim-FpD5gd","epGeneratedClass":"eplus-wrapper"},"innerBlocks":[{"blockName":"core\/list-item","attrs":{"className":"","epCustomTypography":{"lineHeight":{"value":"","important":false,"unit":"px"},"fontSize":{"value":12,"important":false,"unit":"px"},"letterSpacing":{"value":"","important":false,"unit":"px"},"fontWeight":null,"textStyle":[],"textColor":{"color":"","imp":false},"underline":{"color":"","style":""},"lineThrough":{"color":"","style":""},"textAlignment":""},"epAnimationGeneratedClass":"edplus_anim-rpujml","epGeneratedClass":"eplus-wrapper"},"innerBlocks":[],"innerHTML":"<li class=\" eplus-wrapper eplus-styles-uid-99c3e0\">Gluckman E, Broxmeyer HA, Auerbach AD, et al. Hematopoietic reconstitution in a patient with Fanconi\u2019s anemia by means of umbilical-cord blood from an HLA-identical sibling. New England Journal of Medicine. 1989;321:1174\u20138.<\/li>","innerContent":["\n<li class=\" eplus-wrapper\">Gluckman E, Broxmeyer HA, Auerbach AD, et al. Hematopoietic reconstitution in a patient with Fanconi\u2019s anemia by means of umbilical-cord blood from an HLA-identical sibling. New England Journal of Medicine. 1989;321:1174\u20138.<\/li>\n"]},{"blockName":"core\/list-item","attrs":{"className":"","epCustomTypography":{"lineHeight":{"value":"","important":false,"unit":"px"},"fontSize":{"value":12,"important":false,"unit":"px"},"letterSpacing":{"value":"","important":false,"unit":"px"},"fontWeight":null,"textStyle":[],"textColor":{"color":"","imp":false},"underline":{"color":"","style":""},"lineThrough":{"color":"","style":""},"textAlignment":""},"epAnimationGeneratedClass":"edplus_anim-ZT28R8","epGeneratedClass":"eplus-wrapper"},"innerBlocks":[],"innerHTML":"<li class=\" eplus-wrapper eplus-styles-uid-99c3e0\">Friedenstein AJ, Petrakova KV, Kurolesova AI, et al. Heterotopic transplants of bone marrow. Transplantation. 1968;6:230\u2013247.<\/li>","innerContent":["\n<li class=\" eplus-wrapper\">Friedenstein AJ, Petrakova KV, Kurolesova AI, et al. Heterotopic transplants of bone marrow. Transplantation. 1968;6:230\u2013247.<\/li>\n"]},{"blockName":"core\/list-item","attrs":{"className":"","epCustomTypography":{"lineHeight":{"value":"","important":false,"unit":"px"},"fontSize":{"value":12,"important":false,"unit":"px"},"letterSpacing":{"value":"","important":false,"unit":"px"},"fontWeight":null,"textStyle":[],"textColor":{"color":"","imp":false},"underline":{"color":"","style":""},"lineThrough":{"color":"","style":""},"textAlignment":""},"epAnimationGeneratedClass":"edplus_anim-ewtSor","epGeneratedClass":"eplus-wrapper"},"innerBlocks":[],"innerHTML":"<li class=\" eplus-wrapper eplus-styles-uid-99c3e0\">Dominici M, Le Blanc K, Mueller I, et al. Minimal criteria for defining multipotent multipotent mesenchymal stromal cells. The international Society for Cellular Therapy position statement. Cytotherapy. 2006;8:314\u2013317.<\/li>","innerContent":["\n<li class=\" eplus-wrapper\">Dominici M, Le Blanc K, Mueller I, et al. Minimal criteria for defining multipotent multipotent mesenchymal stromal cells. The international Society for Cellular Therapy position statement. Cytotherapy. 2006;8:314\u2013317.<\/li>\n"]},{"blockName":"core\/list-item","attrs":{"className":"","epCustomTypography":{"lineHeight":{"value":"","important":false,"unit":"px"},"fontSize":{"value":12,"important":false,"unit":"px"},"letterSpacing":{"value":"","important":false,"unit":"px"},"fontWeight":null,"textStyle":[],"textColor":{"color":"","imp":false},"underline":{"color":"","style":""},"lineThrough":{"color":"","style":""},"textAlignment":""},"epAnimationGeneratedClass":"edplus_anim-YygKSw","epGeneratedClass":"eplus-wrapper"},"innerBlocks":[],"innerHTML":"<li class=\" eplus-wrapper eplus-styles-uid-99c3e0\">Sharma R, Pollock K, Hubel A, et al. Mesenchymal stem or stromal cells: a review of clinical applications and manufacturing practices. Transfusion. 2014;54:1418\u20131437.<\/li>","innerContent":["\n<li class=\" eplus-wrapper\">Sharma R, Pollock K, Hubel A, et al. Mesenchymal stem or stromal cells: a review of clinical applications and manufacturing practices. Transfusion. 2014;54:1418\u20131437.<\/li>\n"]},{"blockName":"core\/list-item","attrs":{"className":"","epCustomTypography":{"lineHeight":{"value":"","important":false,"unit":"px"},"fontSize":{"value":12,"important":false,"unit":"px"},"letterSpacing":{"value":"","important":false,"unit":"px"},"fontWeight":null,"textStyle":[],"textColor":{"color":"","imp":false},"underline":{"color":"","style":""},"lineThrough":{"color":"","style":""},"textAlignment":""},"epAnimationGeneratedClass":"edplus_anim-9n0Clr","epGeneratedClass":"eplus-wrapper"},"innerBlocks":[],"innerHTML":"<li class=\" eplus-wrapper eplus-styles-uid-99c3e0\">Mundra V, Gerling IC, Mahato RI. Mesenchymal stem cell-based therapy. Molecular Pharmaceutics. 2013;10:77\u201389.<\/li>","innerContent":["\n<li class=\" eplus-wrapper\">Mundra V, Gerling IC, Mahato RI. Mesenchymal stem cell-based therapy. Molecular Pharmaceutics. 2013;10:77\u201389.<\/li>\n"]},{"blockName":"core\/list-item","attrs":{"className":"","epCustomTypography":{"lineHeight":{"value":"","important":false,"unit":"px"},"fontSize":{"value":12,"important":false,"unit":"px"},"letterSpacing":{"value":"","important":false,"unit":"px"},"fontWeight":null,"textStyle":[],"textColor":{"color":"","imp":false},"underline":{"color":"","style":""},"lineThrough":{"color":"","style":""},"textAlignment":""},"epAnimationGeneratedClass":"edplus_anim-B7qowK","epGeneratedClass":"eplus-wrapper"},"innerBlocks":[],"innerHTML":"<li class=\" eplus-wrapper eplus-styles-uid-99c3e0\">Blanc KL, Rasmusson I, Sundberg B, et al. Treatment of severe acute graft-versus-host disease with third party haploidentical mesenchymal stem cells. Lancet. 2004;363:1439\u201341.<\/li>","innerContent":["\n<li class=\" eplus-wrapper\">Blanc KL, Rasmusson I, Sundberg B, et al. Treatment of severe acute graft-versus-host disease with third party haploidentical mesenchymal stem cells. Lancet. 2004;363:1439\u201341.<\/li>\n"]},{"blockName":"core\/list-item","attrs":{"className":"","epCustomTypography":{"lineHeight":{"value":"","important":false,"unit":"px"},"fontSize":{"value":12,"important":false,"unit":"px"},"letterSpacing":{"value":"","important":false,"unit":"px"},"fontWeight":null,"textStyle":[],"textColor":{"color":"","imp":false},"underline":{"color":"","style":""},"lineThrough":{"color":"","style":""},"textAlignment":""},"epAnimationGeneratedClass":"edplus_anim-2EU2wi","epGeneratedClass":"eplus-wrapper"},"innerBlocks":[],"innerHTML":"<li class=\" eplus-wrapper eplus-styles-uid-99c3e0\">Sz\u00e1raz L, Kocsis A, F\u0171r\u00e9sz K, et al. K\u00f6ld\u00f6kzsin\u00f3r eredet\u0171 mesenchymalis \u0151ssejtek jellemz\u00e9se, v\u00e1rhat\u00f3 ter\u00e1pi\u00e1s felhaszn\u00e1l\u00e1sa. N\u0151gy\u00f3gy\u00e1szati \u00e9s Sz\u00fcl\u00e9szeti Tov\u00e1bbk\u00e9pz\u0151 Szemle. 2013;15:114\u2013116.<\/li>","innerContent":["\n<li class=\" eplus-wrapper\">Sz\u00e1raz L, Kocsis A, F\u0171r\u00e9sz K, et al. K\u00f6ld\u00f6kzsin\u00f3r eredet\u0171 mesenchymalis \u0151ssejtek jellemz\u00e9se, v\u00e1rhat\u00f3 ter\u00e1pi\u00e1s felhaszn\u00e1l\u00e1sa. N\u0151gy\u00f3gy\u00e1szati \u00e9s Sz\u00fcl\u00e9szeti Tov\u00e1bbk\u00e9pz\u0151 Szemle. 2013;15:114\u2013116.<\/li>\n"]},{"blockName":"core\/list-item","attrs":{"className":"","epCustomTypography":{"lineHeight":{"value":"","important":false,"unit":"px"},"fontSize":{"value":12,"important":false,"unit":"px"},"letterSpacing":{"value":"","important":false,"unit":"px"},"fontWeight":null,"textStyle":[],"textColor":{"color":"","imp":false},"underline":{"color":"","style":""},"lineThrough":{"color":"","style":""},"textAlignment":""},"epAnimationGeneratedClass":"edplus_anim-i9mCaq","epGeneratedClass":"eplus-wrapper"},"innerBlocks":[],"innerHTML":"<li class=\" eplus-wrapper eplus-styles-uid-99c3e0\"><a>https:\/\/clinicaltrials.gov\/ct2\/results?term=umbilical+cord+mesenchymal+stem+cell<\/a>; hozz\u00e1f\u00e9r\u00e9s id\u0151pontja: 2015.02.04.<\/li>","innerContent":["\n<li class=\" eplus-wrapper\"><a>https:\/\/clinicaltrials.gov\/ct2\/results?term=umbilical+cord+mesenchymal+stem+cell<\/a>; hozz\u00e1f\u00e9r\u00e9s id\u0151pontja: 2015.02.04.<\/li>\n"]},{"blockName":"core\/list-item","attrs":{"className":"","epCustomTypography":{"lineHeight":{"value":"","important":false,"unit":"px"},"fontSize":{"value":12,"important":false,"unit":"px"},"letterSpacing":{"value":"","important":false,"unit":"px"},"fontWeight":null,"textStyle":[],"textColor":{"color":"","imp":false},"underline":{"color":"","style":""},"lineThrough":{"color":"","style":""},"textAlignment":""},"epAnimationGeneratedClass":"edplus_anim-ITcROg","epGeneratedClass":"eplus-wrapper"},"innerBlocks":[],"innerHTML":"<li class=\" eplus-wrapper eplus-styles-uid-99c3e0\">Watson N, Divers R, Kedar R, et al. Discarded Wharton jelly of the human umbilical cord: a viable source for mesenchymal stromal cells. Cytotherapy. 2015;17:18\u201324.<\/li>","innerContent":["\n<li class=\" eplus-wrapper\">Watson N, Divers R, Kedar R, et al. Discarded Wharton jelly of the human umbilical cord: a viable source for mesenchymal stromal cells. Cytotherapy. 2015;17:18\u201324.<\/li>\n"]},{"blockName":"core\/list-item","attrs":{"className":"","epCustomTypography":{"lineHeight":{"value":"","important":false,"unit":"px"},"fontSize":{"value":12,"important":false,"unit":"px"},"letterSpacing":{"value":"","important":false,"unit":"px"},"fontWeight":null,"textStyle":[],"textColor":{"color":"","imp":false},"underline":{"color":"","style":""},"lineThrough":{"color":"","style":""},"textAlignment":""},"epAnimationGeneratedClass":"edplus_anim-SF1xaq","epGeneratedClass":"eplus-wrapper"},"innerBlocks":[],"innerHTML":"<li class=\" eplus-wrapper eplus-styles-uid-99c3e0\">Lewis M, Suzuki M. Therapeutic applications of mesenchymal stem cells for amyotrophic lateral sclerosis. Stem Cell Research &amp; Therapy. 2014;5:32.<\/li>","innerContent":["\n<li class=\" eplus-wrapper\">Lewis M, Suzuki M. Therapeutic applications of mesenchymal stem cells for amyotrophic lateral sclerosis. Stem Cell Research &amp; Therapy. 2014;5:32.<\/li>\n"]},{"blockName":"core\/list-item","attrs":{"className":"","epCustomTypography":{"lineHeight":{"value":"","important":false,"unit":"px"},"fontSize":{"value":12,"important":false,"unit":"px"},"letterSpacing":{"value":"","important":false,"unit":"px"},"fontWeight":null,"textStyle":[],"textColor":{"color":"","imp":false},"underline":{"color":"","style":""},"lineThrough":{"color":"","style":""},"textAlignment":""},"epAnimationGeneratedClass":"edplus_anim-gbVXkE","epGeneratedClass":"eplus-wrapper"},"innerBlocks":[],"innerHTML":"<li class=\" eplus-wrapper eplus-styles-uid-99c3e0\">Marconi S, Bonaconsa M, Scambi I, et al. Systemic treatment with adipose-derived mesenchymal stem cells ameliorates clinical and pathological features in the amyotrophic lateral sclerosis murine model. Neuroscience. 2013;248:333\u201343.<\/li>","innerContent":["\n<li class=\" eplus-wrapper\">Marconi S, Bonaconsa M, Scambi I, et al. Systemic treatment with adipose-derived mesenchymal stem cells ameliorates clinical and pathological features in the amyotrophic lateral sclerosis murine model. Neuroscience. 2013;248:333\u201343.<\/li>\n"]},{"blockName":"core\/list-item","attrs":{"className":"","epCustomTypography":{"lineHeight":{"value":"","important":false,"unit":"px"},"fontSize":{"value":12,"important":false,"unit":"px"},"letterSpacing":{"value":"","important":false,"unit":"px"},"fontWeight":null,"textStyle":[],"textColor":{"color":"","imp":false},"underline":{"color":"","style":""},"lineThrough":{"color":"","style":""},"textAlignment":""},"epAnimationGeneratedClass":"edplus_anim-0FiOoj","epGeneratedClass":"eplus-wrapper"},"innerBlocks":[],"innerHTML":"<li class=\" eplus-wrapper eplus-styles-uid-99c3e0\">Uccelli A, Milanese M, Principato MC, et al. Intravenous mesenchymal stem cells improve survival and motor function in experimental amyotrophic lateral sclerosis. Mol. Med. 2012;18:794\u2013804.<\/li>","innerContent":["\n<li class=\" eplus-wrapper\">Uccelli A, Milanese M, Principato MC, et al. Intravenous mesenchymal stem cells improve survival and motor function in experimental amyotrophic lateral sclerosis. Mol. Med. 2012;18:794\u2013804.<\/li>\n"]},{"blockName":"core\/list-item","attrs":{"className":"","epCustomTypography":{"lineHeight":{"value":"","important":false,"unit":"px"},"fontSize":{"value":12,"important":false,"unit":"px"},"letterSpacing":{"value":"","important":false,"unit":"px"},"fontWeight":null,"textStyle":[],"textColor":{"color":"","imp":false},"underline":{"color":"","style":""},"lineThrough":{"color":"","style":""},"textAlignment":""},"epAnimationGeneratedClass":"edplus_anim-3V54Og","epGeneratedClass":"eplus-wrapper"},"innerBlocks":[],"innerHTML":"<li class=\" eplus-wrapper eplus-styles-uid-99c3e0\">Mazzini L, Ferrero I, Luparello V, et al. Mesenchymal stem cell transplantation in amyotrophic lateral sclerosis: A Phase I clinical trial. Exp Neurol. 2010;223:229\u201337.<\/li>","innerContent":["\n<li class=\" eplus-wrapper\">Mazzini L, Ferrero I, Luparello V, et al. Mesenchymal stem cell transplantation in amyotrophic lateral sclerosis: A Phase I clinical trial. Exp Neurol. 2010;223:229\u201337.<\/li>\n"]},{"blockName":"core\/list-item","attrs":{"className":"","epCustomTypography":{"lineHeight":{"value":"","important":false,"unit":"px"},"fontSize":{"value":12,"important":false,"unit":"px"},"letterSpacing":{"value":"","important":false,"unit":"px"},"fontWeight":null,"textStyle":[],"textColor":{"color":"","imp":false},"underline":{"color":"","style":""},"lineThrough":{"color":"","style":""},"textAlignment":""},"epAnimationGeneratedClass":"edplus_anim-cvNPRk","epGeneratedClass":"eplus-wrapper"},"innerBlocks":[],"innerHTML":"<li class=\" eplus-wrapper eplus-styles-uid-99c3e0\">Karussis D, Karageorgiou C, Vaknin-Dembinsky A, et al. Safety and immunological effects of mesenchymal stem cell transplantation in patients with multiple sclerosis and amyotrophic lateral sclerosis. Arch Neurol. 2010;67:1187\u201394.<\/li>","innerContent":["\n<li class=\" eplus-wrapper\">Karussis D, Karageorgiou C, Vaknin-Dembinsky A, et al. Safety and immunological effects of mesenchymal stem cell transplantation in patients with multiple sclerosis and amyotrophic lateral sclerosis. Arch Neurol. 2010;67:1187\u201394.<\/li>\n"]}],"innerHTML":"<ul class=\" wp-block-list eplus-wrapper eplus-styles-uid-352d88\">\n\n\n\n\n\n\n\n\n\n\n\n\n\n\n\n\n\n\n\n\n\n\n\n\n\n<\/ul>","innerContent":["\n<ul class=\" wp-block-list eplus-wrapper\">",null,"\n\n",null,"\n\n",null,"\n\n",null,"\n\n",null,"\n\n",null,"\n\n",null,"\n\n",null,"\n\n",null,"\n\n",null,"\n\n",null,"\n\n",null,"\n\n",null,"\n\n",null,"<\/ul>\n"]}],"meta_data":false,"featured_image":{"url":"https:\/\/krio.hu\/wp-content\/uploads\/2024\/09\/FB-2-27-ev-tapasztalat-es-europai-elvonal.png"},"main_category":{"name":"2023"},"prev_page":{"slug":"a-krio-intezet-es-a-csaladi-ossejtbankolas-magyarorszagon"},"next_page":{"slug":"koldokzsinorver-hasznositasa-az-orvosi-gyakorlatban"},"_links":{"self":[{"href":"https:\/\/krio.hu\/index.php\/wp-json\/wp\/v2\/posts\/4069","targetHints":{"allow":["GET"]}}],"collection":[{"href":"https:\/\/krio.hu\/index.php\/wp-json\/wp\/v2\/posts"}],"about":[{"href":"https:\/\/krio.hu\/index.php\/wp-json\/wp\/v2\/types\/post"}],"author":[{"embeddable":true,"href":"https:\/\/krio.hu\/index.php\/wp-json\/wp\/v2\/users\/1"}],"replies":[{"embeddable":true,"href":"https:\/\/krio.hu\/index.php\/wp-json\/wp\/v2\/comments?post=4069"}],"version-history":[{"count":7,"href":"https:\/\/krio.hu\/index.php\/wp-json\/wp\/v2\/posts\/4069\/revisions"}],"predecessor-version":[{"id":4752,"href":"https:\/\/krio.hu\/index.php\/wp-json\/wp\/v2\/posts\/4069\/revisions\/4752"}],"wp:featuredmedia":[{"embeddable":true,"href":"https:\/\/krio.hu\/index.php\/wp-json\/wp\/v2\/media\/4750"}],"wp:attachment":[{"href":"https:\/\/krio.hu\/index.php\/wp-json\/wp\/v2\/media?parent=4069"}],"wp:term":[{"taxonomy":"category","embeddable":true,"href":"https:\/\/krio.hu\/index.php\/wp-json\/wp\/v2\/categories?post=4069"},{"taxonomy":"post_tag","embeddable":true,"href":"https:\/\/krio.hu\/index.php\/wp-json\/wp\/v2\/tags?post=4069"}],"curies":[{"name":"wp","href":"https:\/\/api.w.org\/{rel}","templated":true}]}}